{"id":8729,"date":"2020-08-13T19:24:24","date_gmt":"2020-08-13T19:24:24","guid":{"rendered":"https:\/\/oparanews.com.br\/?p=8729"},"modified":"2020-08-13T19:24:24","modified_gmt":"2020-08-13T19:24:24","slug":"expoagro-sera-o-primeiro-grande-evento-em-al-pos-pandemia","status":"publish","type":"post","link":"https:\/\/www.oparanews.com.br\/index.php\/2020\/08\/13\/expoagro-sera-o-primeiro-grande-evento-em-al-pos-pandemia\/","title":{"rendered":"Expoagro ser\u00e1 o primeiro grande evento em AL, \u2018p\u00f3s pandemia\u2019"},"content":{"rendered":"<p>O setor que n\u00e3o parou um s\u00f3 dia desde o in\u00edcio da pandemia em Alagoas, ser\u00e1 tamb\u00e9m o primeiro a realizar um grande evento \u2018p\u00f3s-pandemia\u2019. Com o achatamento da curva de crescimento de novos casos e de \u00f3bitos da Covid-19 em Alagoas, o calend\u00e1rio do maior evento pecu\u00e1rio do Estado e maior do Nordeste em faturamento foi mantido.<\/p>\n<p>Ap\u00f3s um per\u00edodo de incertezas, a realiza\u00e7\u00e3o da 70\u00aa edi\u00e7\u00e3o da Exposi\u00e7\u00e3o Agropecu\u00e1ria de Produtos e Derivados de Alagoas (Expoagro) foi confirmada pela Associa\u00e7\u00e3o dos Criadores de Alagoas (ACA) no per\u00edodo de 23 de outubro a 1\u00ba de novembro, no Parque da Pecu\u00e1ria, em Macei\u00f3.<\/p>\n<p>A confirma\u00e7\u00e3o da data da exposi\u00e7\u00e3o veio ap\u00f3s reuni\u00e3o do presidente da ACA, Dom\u00edcio Silva, com o governador Renan Filho (MDB), no come\u00e7o desta semana.<\/p>\n<p>\u201cFizemos uma avalia\u00e7\u00e3o sobre o agroneg\u00f3cio como um todo em Alagoas. O foco da reuni\u00e3o foi a Expoagro, expectativas e aplica\u00e7\u00e3o do protocolo sanit\u00e1rio na preven\u00e7\u00e3o a Covid\u201319. Como os n\u00fameros casos e de internamentos v\u00eam baixando no Estado, acreditamos que, at\u00e9 outubro, a situa\u00e7\u00e3o poder\u00e1 estar um pouco mais normalizada\u201d, afirmou o presidente da ACA.<\/p>\n<p>Pra Dom\u00edcio, a reuni\u00e3o foi positiva: \u201cno encontro tamb\u00e9m tratamos de outros pleitos do setor produtivo rural, que o governador ficou de atender, assim como fez em outras oportunidades\u201d, pondera.<\/p>\n<p>A Expoagro 2020, que ter\u00e1 como palco o Parque da Pecu\u00e1ria, em Macei\u00f3, ser\u00e1 a \u00fanica exposi\u00e7\u00e3o agropecu\u00e1ria do Nordeste, neste segundo semestre, no formato presencial.<\/p>\n<p>O evento \u00e9 realizado pela ACA em parceria com a Organiza\u00e7\u00e3o Arnon de Mello (OAM) e tem apoio do Governo do Estado, Prefeitura de Macei\u00f3, Federa\u00e7\u00e3o da Agricultura e Pecu\u00e1ria de Alagoas (Faeal) e do Sebrae em Alagoas, entre outras empresas e institui\u00e7\u00f5es.<\/p>\n<p>\u201cEste ano, o evento tem uma import\u00e2ncia hist\u00f3rica para a pecu\u00e1ria alagoana e de todo o Nordeste. Estamos completando 70 edi\u00e7\u00f5es da exposi\u00e7\u00e3o. Acreditamos que ser\u00e1 um grande evento, contando com leil\u00f5es e com uma programa\u00e7\u00e3o variada que vai reunir em Macei\u00f3 eventos regionais\u201d, aponta Dom\u00edcio.<\/p>\n<p>Na programa\u00e7\u00e3o da Expoagro, apenas a parte de shows n\u00e3o dever\u00e1 ser realizada por conta das restri\u00e7\u00f5es provocadas pela pandemia.<\/p>\n<p>\u201cMas, todo o restante da programa\u00e7\u00e3o de atra\u00e7\u00f5es da Expoagro est\u00e1 confirmado. Respeitando as regras de preven\u00e7\u00e3o, a exemplo da quest\u00e3o do distanciamento social, teremos atra\u00e7\u00f5es de culin\u00e1ria, artesanato e a programa\u00e7\u00e3o t\u00e9cnica, al\u00e9m do julgamento de animais\u201d, adianta o presidente da ACA.<\/p>\n<p>Silva destacou ainda que a 70\u00aa Expoagro estar\u00e1 com a programa\u00e7\u00e3o recheada, contando com a exposi\u00e7\u00e3o das ra\u00e7as girolando e gir leiteiro, nelore e ovinos da ra\u00e7a santa in\u00eas, al\u00e9m de equinos e provas equestres, assim como leil\u00f5es e shopping de animais da ra\u00e7a mangalarga marchador.<\/p>\n<p>O presidente da ACA refor\u00e7ou, que os leil\u00f5es que fazem parte da exposi\u00e7\u00e3o, tamb\u00e9m ser\u00e3o realizados durante a exposi\u00e7\u00e3o de forma presencial e no modelo virtual, s\u00e3o eles: Leil\u00e3o IBC, que ser\u00e1 realizado na Fazenda Recanto; Leil\u00e3o Varrela Pecu\u00e1ria e o Nelore Positivo, entre outros.<\/p>\n<p>\u201cDeveremos ter tamb\u00e9m um leil\u00e3o de ovinos da ra\u00e7a santa in\u00eas, que est\u00e1 sendo fechado. Tamb\u00e9m estamos trabalhando a realiza\u00e7\u00e3o de um semin\u00e1rio t\u00e9cnico, que falta definir a programa\u00e7\u00e3o, al\u00e9m de estarmos detalhando a realiza\u00e7\u00e3o de forma virtual do Encontro Nordestino do Gado de Corte (Encorte), que deve ser encaixado na programa\u00e7\u00e3o da Expoagro\u201d, refor\u00e7ou Silva.<\/p>\n<p>&nbsp;<\/p>\n<p><strong>por Edivaldo J\u00fanior\/Gazetaweb<\/strong><\/p>\n<p>&nbsp;<\/p>\n","protected":false},"excerpt":{"rendered":"<p>O setor que n\u00e3o parou um s\u00f3 dia desde o in\u00edcio da pandemia em Alagoas, ser\u00e1 tamb\u00e9m o primeiro a realizar um grande evento \u2018p\u00f3s-pandemia\u2019. Com o achatamento da curva de crescimento de novos casos e de \u00f3bitos da Covid-19 em Alagoas, o calend\u00e1rio do maior evento pecu\u00e1rio do Estado e maior do Nordeste em &hellip;<\/p>\n","protected":false},"author":1,"featured_media":8730,"comment_status":"open","ping_status":"open","sticky":false,"template":"","format":"standard","meta":{"_jetpack_newsletter_access":"","_jetpack_dont_email_post_to_subs":false,"_jetpack_newsletter_tier_id":0,"_jetpack_memberships_contains_paywalled_content":false,"_jetpack_memberships_contains_paid_content":false,"footnotes":""},"categories":[1],"tags":[],"class_list":["post-8729","post","type-post","status-publish","format-standard","has-post-thumbnail","hentry","category-destaque"],"jetpack_sharing_enabled":true,"jetpack_featured_media_url":"","_links":{"self":[{"href":"https:\/\/www.oparanews.com.br\/index.php\/wp-json\/wp\/v2\/posts\/8729","targetHints":{"allow":["GET"]}}],"collection":[{"href":"https:\/\/www.oparanews.com.br\/index.php\/wp-json\/wp\/v2\/posts"}],"about":[{"href":"https:\/\/www.oparanews.com.br\/index.php\/wp-json\/wp\/v2\/types\/post"}],"author":[{"embeddable":true,"href":"https:\/\/www.oparanews.com.br\/index.php\/wp-json\/wp\/v2\/users\/1"}],"replies":[{"embeddable":true,"href":"https:\/\/www.oparanews.com.br\/index.php\/wp-json\/wp\/v2\/comments?post=8729"}],"version-history":[{"count":0,"href":"https:\/\/www.oparanews.com.br\/index.php\/wp-json\/wp\/v2\/posts\/8729\/revisions"}],"wp:attachment":[{"href":"https:\/\/www.oparanews.com.br\/index.php\/wp-json\/wp\/v2\/media?parent=8729"}],"wp:term":[{"taxonomy":"category","embeddable":true,"href":"https:\/\/www.oparanews.com.br\/index.php\/wp-json\/wp\/v2\/categories?post=8729"},{"taxonomy":"post_tag","embeddable":true,"href":"https:\/\/www.oparanews.com.br\/index.php\/wp-json\/wp\/v2\/tags?post=8729"}],"curies":[{"name":"wp","href":"https:\/\/api.w.org\/{rel}","templated":true}]}}