{"id":8741,"date":"2020-08-15T00:35:59","date_gmt":"2020-08-15T00:35:59","guid":{"rendered":"https:\/\/oparanews.com.br\/?p=8741"},"modified":"2020-08-15T00:35:59","modified_gmt":"2020-08-15T00:35:59","slug":"consorcio-ne-estuda-compra-de-vacina-russa-contra-covid-19","status":"publish","type":"post","link":"https:\/\/www.oparanews.com.br\/index.php\/2020\/08\/15\/consorcio-ne-estuda-compra-de-vacina-russa-contra-covid-19\/","title":{"rendered":"Cons\u00f3rcio NE estuda compra de vacina russa contra Covid-19"},"content":{"rendered":"<p>Em coletiva nesta sexta-feira (14), o governador do Maranh\u00e3o, Fl\u00e1vio Dino (PCdoB) afirmou que os estados do Nordeste, por meio do Cons\u00f3rcio Nordeste, est\u00e3o em contato com o governo da R\u00fassia para um poss\u00edvel acordo de uso da vacina contra a Covid-19, anunciada esta semana pelo governo russo.<\/p>\n<p>O protocolo de ades\u00e3o ainda est\u00e1 em fase preliminar. Fl\u00e1vio Dino explicou que o governador da Bahia, Rui Costa, est\u00e1 em nome dos nove estados, realizando as negocia\u00e7\u00f5es junto com empresas e as autoridades russas para garantir acesso \u00e0 vacina.<\/p>\n<p>&#8220;O governador do estado da Bahia, onde se situa o Cons\u00f3rcio Nordeste, est\u00e1 em nome dos nove estados do Nordeste tratando com empresas e com o Governo Russo um protocolo que nos garanta o acesso a este momento de experimento. E se Deus nos proteger por este caminho ou por qualquer outro, nos termos uma di\u00e1logo visando um futuro no abastecimento do nosso estado no que se refere a uma poss\u00edvel vacina que seja produzida naquele pa\u00eds ou qualquer outro. Neste caso, foi a R\u00fassia que anunciou ter descoberto a vacina&#8221;, disse.<\/p>\n<p>A efic\u00e1cia da vacina russa tem sido questionada pela comunidade cient\u00edfica internacional. O site oficial sobre a pesquisa afirma que, no dia 1\u00b0 de agosto, os testes de fase 1 e 2 foram conclu\u00eddos. A Organiza\u00e7\u00e3o Mundial de Sa\u00fade (OMS) recomenda que sejam realizadas tr\u00eas etapas de testes.<\/p>\n<p>Nesta semana, o Paran\u00e1 assinou um documento para o desenvolvimento da vacina russa contra o coronav\u00edrus no pa\u00eds. A assinatura do termo foi realizada por videoconfer\u00eancia com representantes do governo do Par\u00e1, Minist\u00e9rio da Sa\u00fade e embaixada da R\u00fassia.<\/p>\n<p>Registro internacional<\/p>\n<p>A R\u00fassia foi o primeiro pa\u00eds a aprovar uma vacina contra a Covid-19, menos de dois meses depois do in\u00edcio dos testes cl\u00ednicos. O an\u00fancio foi feito pelo presidente russo, Vladmir Putin, na ter\u00e7a-feira (11).<\/p>\n<p>A vacina russa se chamar\u00e1 Sputnik V, em alus\u00e3o \u00e0 corrida espacial da Guerra Fria entre Uni\u00e3o Sovi\u00e9tica e Estados Unidos. O Sputnik I foi o primeiro sat\u00e9lite a orbitar a Terra, lan\u00e7ado pelos sovi\u00e9ticos em 1957.<\/p>\n<p>A vacina ainda n\u00e3o concluiu os testes em est\u00e1gio avan\u00e7ado e por isso, tem sido alvo de desconfian\u00e7a por parte de cientistas. A Organiza\u00e7\u00e3o Mundial da Sa\u00fade (OMS) afirmou que a R\u00fassia &#8220;n\u00e3o precisa de sua aprova\u00e7\u00e3o&#8221; para registrar a vacina, e que precisar\u00e1 ter acesso aos dados da pesquisa para avaliar a efic\u00e1cia e seguran\u00e7a de imuniza\u00e7\u00e3o.<\/p>\n<p>O que se sabe sobre a vacina que a R\u00fassia registrou contra o coronav\u00edrus e por que desperta d\u00favidas<\/p>\n<p>Desenvolvida pelo Instituto Gamaleya, em Moscou, os testes cl\u00ednicos iniciais da vacina russa come\u00e7aram em humanos h\u00e1 menos de dois meses, em 17 de junho. Apenas 38 pessoas foram testadas e as pesquisas dos estudos n\u00e3o foram publicados pelas autoridades russas.<\/p>\n<p>A terceira fase de testes come\u00e7ou na quarta-feira (12). Mais de 2 mil pessoas na R\u00fassia, em pa\u00edses do Oriente M\u00e9dio (Emirados \u00c1rabes Unidos e Ar\u00e1bia Saudita) e da Am\u00e9rica Latina (Brasil e M\u00e9xico), receberam a dose da Sputnik V.<\/p>\n<p>&nbsp;<\/p>\n<p><strong>com G1 Maranh\u00e3o<\/strong><\/p>\n<p>&nbsp;<\/p>\n","protected":false},"excerpt":{"rendered":"<p>Em coletiva nesta sexta-feira (14), o governador do Maranh\u00e3o, Fl\u00e1vio Dino (PCdoB) afirmou que os estados do Nordeste, por meio do Cons\u00f3rcio Nordeste, est\u00e3o em contato com o governo da R\u00fassia para um poss\u00edvel acordo de uso da vacina contra a Covid-19, anunciada esta semana pelo governo russo. O protocolo de ades\u00e3o ainda est\u00e1 em &hellip;<\/p>\n","protected":false},"author":1,"featured_media":8742,"comment_status":"open","ping_status":"open","sticky":false,"template":"","format":"standard","meta":{"_jetpack_newsletter_access":"","_jetpack_dont_email_post_to_subs":false,"_jetpack_newsletter_tier_id":0,"_jetpack_memberships_contains_paywalled_content":false,"_jetpack_memberships_contains_paid_content":false,"footnotes":""},"categories":[1],"tags":[],"class_list":["post-8741","post","type-post","status-publish","format-standard","has-post-thumbnail","hentry","category-destaque"],"jetpack_sharing_enabled":true,"jetpack_featured_media_url":"","_links":{"self":[{"href":"https:\/\/www.oparanews.com.br\/index.php\/wp-json\/wp\/v2\/posts\/8741","targetHints":{"allow":["GET"]}}],"collection":[{"href":"https:\/\/www.oparanews.com.br\/index.php\/wp-json\/wp\/v2\/posts"}],"about":[{"href":"https:\/\/www.oparanews.com.br\/index.php\/wp-json\/wp\/v2\/types\/post"}],"author":[{"embeddable":true,"href":"https:\/\/www.oparanews.com.br\/index.php\/wp-json\/wp\/v2\/users\/1"}],"replies":[{"embeddable":true,"href":"https:\/\/www.oparanews.com.br\/index.php\/wp-json\/wp\/v2\/comments?post=8741"}],"version-history":[{"count":0,"href":"https:\/\/www.oparanews.com.br\/index.php\/wp-json\/wp\/v2\/posts\/8741\/revisions"}],"wp:attachment":[{"href":"https:\/\/www.oparanews.com.br\/index.php\/wp-json\/wp\/v2\/media?parent=8741"}],"wp:term":[{"taxonomy":"category","embeddable":true,"href":"https:\/\/www.oparanews.com.br\/index.php\/wp-json\/wp\/v2\/categories?post=8741"},{"taxonomy":"post_tag","embeddable":true,"href":"https:\/\/www.oparanews.com.br\/index.php\/wp-json\/wp\/v2\/tags?post=8741"}],"curies":[{"name":"wp","href":"https:\/\/api.w.org\/{rel}","templated":true}]}}