{"id":8744,"date":"2020-08-15T00:37:28","date_gmt":"2020-08-15T00:37:28","guid":{"rendered":"https:\/\/oparanews.com.br\/?p=8744"},"modified":"2020-08-15T00:37:28","modified_gmt":"2020-08-15T00:37:28","slug":"marcos-braz-explica-saida-de-rafinha-do-fla","status":"publish","type":"post","link":"https:\/\/www.oparanews.com.br\/index.php\/2020\/08\/15\/marcos-braz-explica-saida-de-rafinha-do-fla\/","title":{"rendered":"Marcos Braz explica sa\u00edda de Rafinha do Fla"},"content":{"rendered":"<p>A partir das 15h30, desta sexta-feira, o lateral-direito Rafinha n\u00e3o far\u00e1 mais parte do elenco profissional do Flamengo. A informa\u00e7\u00e3o foi confirmada pelo vice-presidente de futebol do Rubro-Negro, Marcos Braz, em coletiva virtual, via FlaTV. O dirigente explicou as condi\u00e7\u00f5es em que se deram a sa\u00edda do atleta, que tinha no contrato uma cl\u00e1usula que permitia a sa\u00edda sem custos em caso de uma proposta vinda da Europa.<\/p>\n<p>&#8211; O Rafinha ontem recebeu uma proposta de um time grego, j\u00e1 comunicou que vai aceitar. O Flamengo lamenta, n\u00e3o gostaria de perder o atleta. Foi um atleta que custou bastante tempo convencer de que poderia fazer um grande trabalho no Brasil. Os resultados n\u00e3o s\u00e3o question\u00e1veis. Ele nos ajudou muito nas conquistas.\u00c9 um jogador de 35 anos e com essa idade recebeu uma proposta de ficar dois anos mais jogando em alta performance. Ele nos comunicou a sa\u00edda. O Flamengo tentou entender como foi essa proposta. S\u00e3o n\u00fameros grandes e ele fez a op\u00e7\u00e3o de sair do Flamengo. Existe uma cl\u00e1usula no contrato que diz que se ele quisesse poderia voltar para a Europa quando entendesse. A cl\u00e1usula foi imposta por ele e, se n\u00e3o tivesse esse ponto, ele n\u00e3o viria. N\u00e3o pagamos nem um euro por esse atleta e agora ele tem o desejo de sair &#8211; esclareceu Braz.<\/p>\n<p>O Flamengo j\u00e1 se movimenta no mercado para buscar um substituto. A diretoria, no entanto, n\u00e3o pretende fazer loucuras, diante da situa\u00e7\u00e3o imposta pela pandemia, conforme explicou o vice-presidente.<\/p>\n<p>&#8211; O Flamengo sempre tenta contrata\u00e7\u00f5es e essa \u00e9 uma posi\u00e7\u00e3o que a gente j\u00e1 vinha tentando h\u00e1 algum tempo, estudando. Esse ano \u00e9 um ano at\u00edpico, com uma pandemia mundial, com incertezas que rondam o futebol. Durante esse per\u00edodo, n\u00e3o t\u00ednhamos conforto de fazer qualquer contrata\u00e7\u00e3o. A partir do momento que institui\u00e7\u00e3o corta sal\u00e1rios de funcion\u00e1rios, jogadores \u00e9 preciso se adequar a v\u00e1rias quest\u00f5es financeiras. Com a sa\u00edda do Rafinha, estamos no mercado em busca de uma contrata\u00e7\u00e3o para essa posi\u00e7\u00e3o \u00e0 altura &#8211; explicou.<\/p>\n<p>&nbsp;<\/p>\n<p><strong>Fonte: Lance!<\/strong><\/p>\n<p>&nbsp;<\/p>\n","protected":false},"excerpt":{"rendered":"<p>A partir das 15h30, desta sexta-feira, o lateral-direito Rafinha n\u00e3o far\u00e1 mais parte do elenco profissional do Flamengo. A informa\u00e7\u00e3o foi confirmada pelo vice-presidente de futebol do Rubro-Negro, Marcos Braz, em coletiva virtual, via FlaTV. O dirigente explicou as condi\u00e7\u00f5es em que se deram a sa\u00edda do atleta, que tinha no contrato uma cl\u00e1usula que &hellip;<\/p>\n","protected":false},"author":1,"featured_media":8745,"comment_status":"open","ping_status":"open","sticky":false,"template":"","format":"standard","meta":{"_jetpack_newsletter_access":"","_jetpack_dont_email_post_to_subs":false,"_jetpack_newsletter_tier_id":0,"_jetpack_memberships_contains_paywalled_content":false,"_jetpack_memberships_contains_paid_content":false,"footnotes":""},"categories":[1],"tags":[],"class_list":["post-8744","post","type-post","status-publish","format-standard","has-post-thumbnail","hentry","category-destaque"],"jetpack_sharing_enabled":true,"jetpack_featured_media_url":"","_links":{"self":[{"href":"https:\/\/www.oparanews.com.br\/index.php\/wp-json\/wp\/v2\/posts\/8744","targetHints":{"allow":["GET"]}}],"collection":[{"href":"https:\/\/www.oparanews.com.br\/index.php\/wp-json\/wp\/v2\/posts"}],"about":[{"href":"https:\/\/www.oparanews.com.br\/index.php\/wp-json\/wp\/v2\/types\/post"}],"author":[{"embeddable":true,"href":"https:\/\/www.oparanews.com.br\/index.php\/wp-json\/wp\/v2\/users\/1"}],"replies":[{"embeddable":true,"href":"https:\/\/www.oparanews.com.br\/index.php\/wp-json\/wp\/v2\/comments?post=8744"}],"version-history":[{"count":0,"href":"https:\/\/www.oparanews.com.br\/index.php\/wp-json\/wp\/v2\/posts\/8744\/revisions"}],"wp:attachment":[{"href":"https:\/\/www.oparanews.com.br\/index.php\/wp-json\/wp\/v2\/media?parent=8744"}],"wp:term":[{"taxonomy":"category","embeddable":true,"href":"https:\/\/www.oparanews.com.br\/index.php\/wp-json\/wp\/v2\/categories?post=8744"},{"taxonomy":"post_tag","embeddable":true,"href":"https:\/\/www.oparanews.com.br\/index.php\/wp-json\/wp\/v2\/tags?post=8744"}],"curies":[{"name":"wp","href":"https:\/\/api.w.org\/{rel}","templated":true}]}}