{"id":8747,"date":"2020-08-15T00:38:46","date_gmt":"2020-08-15T00:38:46","guid":{"rendered":"https:\/\/oparanews.com.br\/?p=8747"},"modified":"2020-08-15T00:38:46","modified_gmt":"2020-08-15T00:38:46","slug":"dorival-jr-testa-positivo-para-o-novo-coronavirus","status":"publish","type":"post","link":"https:\/\/www.oparanews.com.br\/index.php\/2020\/08\/15\/dorival-jr-testa-positivo-para-o-novo-coronavirus\/","title":{"rendered":"Dorival Jr. testa positivo para o novo coronav\u00edrus"},"content":{"rendered":"<p>Para o compromisso frente \u00e0 equipe do Santos no pr\u00f3ximo domingo (16), \u00e0s 19h45, pela quarta rodada do Brasileir\u00e3o, o Athletico-PR n\u00e3o ter\u00e1 o t\u00e9cnico Dorival J\u00fanior no banco de reservas.<\/p>\n<p>Isso porque, segundo informa\u00e7\u00e3o veiculada pelo &#8216;ge&#8217; e confirmada pelo Futebol Latino, o treinador da equipe paranaense foi diagnosticado com o novo coronav\u00edrus. Felizmente, o treinador n\u00e3o tem apresentado sintomas da doen\u00e7a, tendo um quadro cl\u00ednico bom, e foi colocado em isolamento.<\/p>\n<p>Assim como j\u00e1 havia feito em outras oportunidades antes mesmo da retomada do futebol, oficialmente o clube n\u00e3o comenta casos do tipo. Por\u00e9m, as informa\u00e7\u00f5es de momento d\u00e3o conta de que, desde a chegada da Covid-19 no pa\u00eds, 15 casos j\u00e1 teriam sido diagnosticados na equipe da Baixada.<\/p>\n<p>Para ser a figura de comando \u00e0 beira do gramado na Vila Belmiro, a tend\u00eancia \u00e9 que o assistente direto de Dorival (o filho Lucas Silvestre) seja o escolhido.<\/p>\n<p>&nbsp;<\/p>\n<p><strong>Fonte: Lance!<\/strong><\/p>\n<p>&nbsp;<\/p>\n","protected":false},"excerpt":{"rendered":"<p>Para o compromisso frente \u00e0 equipe do Santos no pr\u00f3ximo domingo (16), \u00e0s 19h45, pela quarta rodada do Brasileir\u00e3o, o Athletico-PR n\u00e3o ter\u00e1 o t\u00e9cnico Dorival J\u00fanior no banco de reservas. Isso porque, segundo informa\u00e7\u00e3o veiculada pelo &#8216;ge&#8217; e confirmada pelo Futebol Latino, o treinador da equipe paranaense foi diagnosticado com o novo coronav\u00edrus. Felizmente, &hellip;<\/p>\n","protected":false},"author":1,"featured_media":8748,"comment_status":"open","ping_status":"open","sticky":false,"template":"","format":"standard","meta":{"_jetpack_newsletter_access":"","_jetpack_dont_email_post_to_subs":false,"_jetpack_newsletter_tier_id":0,"_jetpack_memberships_contains_paywalled_content":false,"_jetpack_memberships_contains_paid_content":false,"footnotes":""},"categories":[1],"tags":[],"class_list":["post-8747","post","type-post","status-publish","format-standard","has-post-thumbnail","hentry","category-destaque"],"jetpack_sharing_enabled":true,"jetpack_featured_media_url":"","_links":{"self":[{"href":"https:\/\/www.oparanews.com.br\/index.php\/wp-json\/wp\/v2\/posts\/8747","targetHints":{"allow":["GET"]}}],"collection":[{"href":"https:\/\/www.oparanews.com.br\/index.php\/wp-json\/wp\/v2\/posts"}],"about":[{"href":"https:\/\/www.oparanews.com.br\/index.php\/wp-json\/wp\/v2\/types\/post"}],"author":[{"embeddable":true,"href":"https:\/\/www.oparanews.com.br\/index.php\/wp-json\/wp\/v2\/users\/1"}],"replies":[{"embeddable":true,"href":"https:\/\/www.oparanews.com.br\/index.php\/wp-json\/wp\/v2\/comments?post=8747"}],"version-history":[{"count":0,"href":"https:\/\/www.oparanews.com.br\/index.php\/wp-json\/wp\/v2\/posts\/8747\/revisions"}],"wp:attachment":[{"href":"https:\/\/www.oparanews.com.br\/index.php\/wp-json\/wp\/v2\/media?parent=8747"}],"wp:term":[{"taxonomy":"category","embeddable":true,"href":"https:\/\/www.oparanews.com.br\/index.php\/wp-json\/wp\/v2\/categories?post=8747"},{"taxonomy":"post_tag","embeddable":true,"href":"https:\/\/www.oparanews.com.br\/index.php\/wp-json\/wp\/v2\/tags?post=8747"}],"curies":[{"name":"wp","href":"https:\/\/api.w.org\/{rel}","templated":true}]}}