{"id":8753,"date":"2020-08-15T00:46:23","date_gmt":"2020-08-15T00:46:23","guid":{"rendered":"https:\/\/oparanews.com.br\/?p=8753"},"modified":"2020-08-15T00:46:23","modified_gmt":"2020-08-15T00:46:23","slug":"sp-escolas-privadas-ameacam-ir-a-justica-por-volta-as-aulas","status":"publish","type":"post","link":"https:\/\/www.oparanews.com.br\/index.php\/2020\/08\/15\/sp-escolas-privadas-ameacam-ir-a-justica-por-volta-as-aulas\/","title":{"rendered":"SP: escolas privadas amea\u00e7am ir \u00e0 Justi\u00e7a por volta \u00e0s aulas"},"content":{"rendered":"<p>Ap\u00f3s prefeituras do ABC terem afirmado que n\u00e3o devem retomar as aulas presenciais neste ano letivo, o Sindicato dos Estabelecimentos de Ensino do Estado de S\u00e3o Paulo (Sieeesp) amea\u00e7a entrar na Justi\u00e7a caso munic\u00edpios com autoriza\u00e7\u00e3o para reabrir as unidades optem por mant\u00ea-las fechadas. Na capital, o prefeito Bruno Covas (PSDB) informou que escolas p\u00fablicas e privadas v\u00e3o abrir na mesma data. Segundo o plano estadual de flexibiliza\u00e7\u00e3o da quarentena, as regi\u00f5es que estiverem na fase amarela &#8211; caso da capital &#8211; por ao menos 28 dias poder\u00e3o retomar atividades como aulas de refor\u00e7o e recupera\u00e7\u00e3o j\u00e1 no pr\u00f3ximo m\u00eas, em 8 de setembro. A previs\u00e3o \u00e9 de que as aulas presenciais retornem em 7 de outubro.<\/p>\n<p>Presidente do Sieeesp, Benjamin Ribeiro da Silva diz que a entidade est\u00e1 se preparando para acionar a Justi\u00e7a para exigir o cumprimento do que foi estabelecido pelo governo diante da pandemia do novo coronav\u00edrus.<\/p>\n<p>&#8220;Temos um plano. Se, dentro dele, tivermos condi\u00e7\u00f5es de reabrir, n\u00e3o tem motivo para n\u00e3o voltar. As crian\u00e7as est\u00e3o presas h\u00e1 150 dias. Atendemos muitos alunos das classes C, D e E e as crian\u00e7as est\u00e3o doentes, ansiosas, comendo demais. E continuam tendo contato com outras pessoas, porque os pais est\u00e3o voltando a trabalhar. Est\u00e3o aparecendo creches clandestinas. Estamos preparados para fazer o acolhimento das crian\u00e7as de 0 a 8 anos&#8221;. Na pen\u00faria, escolas de educa\u00e7\u00e3o infantil t\u00eam fechado as portas em S\u00e3o Paulo. Outro fen\u00f4meno \u00e9 a migra\u00e7\u00e3o de alunos da rede particular para o ensino p\u00fablico na capital, com alta de 73% nas matr\u00edculas em julho.<\/p>\n<p>Silva afirma que os demais alunos poderiam continuar tendo aulas online. Segundo ele, a entidade deve judicializar a quest\u00e3o apenas quando os munic\u00edpios comunicarem a decis\u00e3o oficialmente. &#8220;Queremos ficar dentro do Plano S\u00e3o Paulo (programa estadual de reabertura econ\u00f4mica). Isso n\u00e3o tem motiva\u00e7\u00e3o econ\u00f4mica, porque, o que perdemos, s\u00f3 vamos recuperar depois, n\u00e3o vai ser agora. N\u00f3s sabemos que estamos lidando com vidas e estamos preocupados com isso. Se retroagir para a fase laranja, n\u00e3o vamos fazer nada.&#8221;<\/p>\n<p>Nesta semana, Covas afirmou que s\u00f3 vai autorizar a abertura das escolas depois de receber o resultado do exame dos inqu\u00e9ritos sorol\u00f3gicos espec\u00edficos para crian\u00e7as de quatro a 14 anos que est\u00e1 sendo realizado na capital.<\/p>\n<p>&#8220;Trata-se de uma quest\u00e3o de sa\u00fade p\u00fablica e todas as medidas e protocolos necess\u00e1rios ser\u00e3o tomados para a seguran\u00e7a de todos&#8221;, informou, em nota, a Prefeitura. A Secretaria da Educa\u00e7\u00e3o do Estado de S\u00e3o Paulo disse, tamb\u00e9m em nota, que o planejamento para a volta \u00e0s aulas \u00e9 baseado &#8220;em medidas de conten\u00e7\u00e3o da epidemia e sem colocar nenhuma vida em risco, sempre seguindo as recomenda\u00e7\u00f5es sanit\u00e1rias do Centro de Conting\u00eancia do coronav\u00edrus&#8221;.<\/p>\n<p>Em Santo Andr\u00e9, Mau\u00e1, Rio Grande da Serra e Ribeir\u00e3o Pires, os prefeitos j\u00e1 anunciaram que a reabertura das escolas nas redes p\u00fablicas municipais est\u00e1 totalmente descartada no ano letivo de 2020. S\u00e3o Bernardo, S\u00e3o Caetano e Diadema devem se manifestar sobre o tema at\u00e9 30 de setembro. Em reuni\u00e3o realizada nesta ter\u00e7a-feira, 11, o Cons\u00f3rcio Intermunicipal Grande ABC definiu que as aulas presenciais das redes p\u00fablica e privada v\u00e3o voltar na mesma data.<\/p>\n<p>Em nota, o presidente do cons\u00f3rcio e prefeito de Rio Grande da Serra, Gabriel Maranh\u00e3o, informou que respeita o posicionamento do sindicato, mas que, se o caso for \u00e0 Justi\u00e7a, &#8220;ir\u00e1 apresentar em ju\u00edzo os fundamentos que embasaram a decis\u00e3o tomada pelo colegiado de prefeitos na \u00faltima ter\u00e7a-feira de que as aulas presenciais na rede privada de ensino das sete cidades ser\u00e3o retomadas na mesma data do retorno das escolas da rede p\u00fablica&#8221;.<\/p>\n<p>Quando o governo estadual informou semana passada a possibilidade de retomar atividades presenciais a partir de setembro, nas regi\u00f5es onde houver controle do cont\u00e1gio da doen\u00e7a, escolas ficaram em d\u00favida sobre se precisariam da libera\u00e7\u00e3o da Prefeitura. Segundo a professora da Faculdade de Direito do Largo S\u00e3o Francisco da USP Nina Ranieri disse ao Estad\u00e3o no dia da divulga\u00e7\u00e3o, essa \u00e9 uma quest\u00e3o de sa\u00fade e n\u00e3o educacional. Por mais que o Estado seja respons\u00e1vel pelo ensino fundamental e m\u00e9dio, cabe ao munic\u00edpio legislar sobre temas de interesse local. H\u00e1 ainda decis\u00e3o do Supremo Tribunal Federal (STF), de abril, de que os Estados decidem sobre o funcionamento das atividades econ\u00f4micas na pandemia, mas o munic\u00edpio pode ser mais restritivo.<\/p>\n<p>Pais se dividem sobre retorno, diz diretora de col\u00e9gio<\/p>\n<p>Diretora do Col\u00e9gio Equipe, Luciana Fevorini diz que a escola contratou a consultoria de um m\u00e9dico infectologista e que est\u00e1 realizando treinamento com os profissionais de limpeza e da cozinha. Question\u00e1rios sobre retorno ao trabalho j\u00e1 foram encaminhados aos funcion\u00e1rios e os pais tamb\u00e9m devem se manifestar sobre o assunto. Mesmo desenhando um protocolo de seguran\u00e7a, a escola, na regi\u00e3o central paulistana, deve manter as aulas online para garantir a seguran\u00e7a de professores, alunos e seus familiares.<\/p>\n<p>&#8220;H\u00e1 fam\u00edlias que acham que est\u00e1 na hora de voltar e outras que est\u00e3o receosas. \u00c9 importante que toda a comunidade seja consultada. Essencialmente, o trabalho vai continuar online. Acredito que, se a gente conseguir ter alguns encontros com seguran\u00e7a, revezamento, vai dar outro sentido \u00e0s atividades, mas vamos estudar isso.&#8221; Mas Luciana n\u00e3o concorda com a judicializa\u00e7\u00e3o. &#8220;A gente n\u00e3o tem a menor inten\u00e7\u00e3o de entrar na Justi\u00e7a, porque temos de ouvir nossos pais, estudantes, professores e chegar em um bom termo dentro do que \u00e9 poss\u00edvel fazer. Vamos continuar tentando conversar e seguir os par\u00e2metros dados pelas autoridades.&#8221;<\/p>\n<p>O Col\u00e9gio Renascen\u00e7a, na zona oeste, tamb\u00e9m est\u00e1 com planejamento para retomar atividades, que inclui um cronograma para uso dos espa\u00e7os, para evitar aglomera\u00e7\u00f5es, e orienta\u00e7\u00f5es para profissionais e alunos. Mas destaca que o retorno deve ser &#8220;de acordo com as orienta\u00e7\u00f5es dos \u00f3rg\u00e3os p\u00fablicos&#8221;. &#8220;Manteremos aten\u00e7\u00e3o especial \u00e0 sa\u00fade mental de toda comunidade acad\u00eamica. A in\u00e9dita situa\u00e7\u00e3o que a atual crise traz demandar\u00e1 a\u00e7\u00f5es pedag\u00f3gicas e educacionais para acolher essas quest\u00f5es. A escola tem papel crucial na ado\u00e7\u00e3o de a\u00e7\u00f5es, servindo como local para interven\u00e7\u00f5es de acolhimento emocional de alunos e colaboradores&#8221;, diz Jo\u00e3o Carlos Martins, diretor-geral do col\u00e9gio.<\/p>\n<p>&nbsp;<\/p>\n<p><strong>Fonte: Terra<\/strong><\/p>\n<p>&nbsp;<\/p>\n","protected":false},"excerpt":{"rendered":"<p>Ap\u00f3s prefeituras do ABC terem afirmado que n\u00e3o devem retomar as aulas presenciais neste ano letivo, o Sindicato dos Estabelecimentos de Ensino do Estado de S\u00e3o Paulo (Sieeesp) amea\u00e7a entrar na Justi\u00e7a caso munic\u00edpios com autoriza\u00e7\u00e3o para reabrir as unidades optem por mant\u00ea-las fechadas. Na capital, o prefeito Bruno Covas (PSDB) informou que escolas p\u00fablicas &hellip;<\/p>\n","protected":false},"author":1,"featured_media":8754,"comment_status":"open","ping_status":"open","sticky":false,"template":"","format":"standard","meta":{"_jetpack_newsletter_access":"","_jetpack_dont_email_post_to_subs":false,"_jetpack_newsletter_tier_id":0,"_jetpack_memberships_contains_paywalled_content":false,"_jetpack_memberships_contains_paid_content":false,"footnotes":""},"categories":[1],"tags":[],"class_list":["post-8753","post","type-post","status-publish","format-standard","has-post-thumbnail","hentry","category-destaque"],"jetpack_sharing_enabled":true,"jetpack_featured_media_url":"","_links":{"self":[{"href":"https:\/\/www.oparanews.com.br\/index.php\/wp-json\/wp\/v2\/posts\/8753","targetHints":{"allow":["GET"]}}],"collection":[{"href":"https:\/\/www.oparanews.com.br\/index.php\/wp-json\/wp\/v2\/posts"}],"about":[{"href":"https:\/\/www.oparanews.com.br\/index.php\/wp-json\/wp\/v2\/types\/post"}],"author":[{"embeddable":true,"href":"https:\/\/www.oparanews.com.br\/index.php\/wp-json\/wp\/v2\/users\/1"}],"replies":[{"embeddable":true,"href":"https:\/\/www.oparanews.com.br\/index.php\/wp-json\/wp\/v2\/comments?post=8753"}],"version-history":[{"count":0,"href":"https:\/\/www.oparanews.com.br\/index.php\/wp-json\/wp\/v2\/posts\/8753\/revisions"}],"wp:attachment":[{"href":"https:\/\/www.oparanews.com.br\/index.php\/wp-json\/wp\/v2\/media?parent=8753"}],"wp:term":[{"taxonomy":"category","embeddable":true,"href":"https:\/\/www.oparanews.com.br\/index.php\/wp-json\/wp\/v2\/categories?post=8753"},{"taxonomy":"post_tag","embeddable":true,"href":"https:\/\/www.oparanews.com.br\/index.php\/wp-json\/wp\/v2\/tags?post=8753"}],"curies":[{"name":"wp","href":"https:\/\/api.w.org\/{rel}","templated":true}]}}