{"id":8756,"date":"2020-08-15T00:50:36","date_gmt":"2020-08-15T00:50:36","guid":{"rendered":"https:\/\/oparanews.com.br\/?p=8756"},"modified":"2020-08-15T00:50:36","modified_gmt":"2020-08-15T00:50:36","slug":"anvisa-diz-que-cloroquina-e-ivermectina-precisam-de-receita","status":"publish","type":"post","link":"https:\/\/www.oparanews.com.br\/index.php\/2020\/08\/15\/anvisa-diz-que-cloroquina-e-ivermectina-precisam-de-receita\/","title":{"rendered":"Anvisa diz que cloroquina e ivermectina precisam de receita"},"content":{"rendered":"<p>Um dia ap\u00f3s Jair Bolsonaro anunciar que vai facilitar o acesso a hidroxicloroquina e ivermectina, a Ag\u00eancia Nacional de Vigil\u00e2ncia Sanit\u00e1ria (Anvisa) afirma que n\u00e3o houve altera\u00e7\u00e3o na regra de compra dos medicamentos e que ainda \u00e9 preciso apresentar receita dupla nas farm\u00e1cias e drogarias. Mesmo sem efic\u00e1cia comprovada para o novo coronav\u00edrus, os rem\u00e9dios s\u00e3o defendidos pelo presidente no tratamento da doen\u00e7a.<\/p>\n<p>Na quinta-feira, 13, Bolsonaro afirmou que, a partir de agora, seria preciso apresentar apenas receita m\u00e9dica simples para fazer a compra, n\u00e3o sendo mais necess\u00e1ria a reten\u00e7\u00e3o da via no local. &#8220;O presidente da Anvisa acabou de confirmar a informa\u00e7\u00e3o sobre a hidroxicloroquina e a ivermectina. Voc\u00ea j\u00e1 pode comprar com uma receita simples, caso o seu m\u00e9dico recomende para voc\u00ea, obviamente&#8221;, disse durante transmiss\u00e3o semanal que faz em suas redes sociais.<\/p>\n<p>Questionada, no entanto, a Anvisa afirma n\u00e3o ter havido altera\u00e7\u00e3o na regra at\u00e9 o momento. De acordo com a ag\u00eancia, o regulamento v\u00e1lido \u00e9 a Resolu\u00e7\u00e3o da Diretoria Colegiada (RDC) 405\/2020, publicada no dia 23 de julho, no Di\u00e1rio Oficial da Uni\u00e3o.<\/p>\n<p>Pela resolu\u00e7\u00e3o em vigor, o paciente \u00e9 obrigado a apresentar as duas vias da receita m\u00e9dica, devendo a primeira ficar retida na farm\u00e1cia. Cada receita \u00e9 v\u00e1lida por 30 dias, a partir da data de emiss\u00e3o, em todo territ\u00f3rio nacional, e poder\u00e1 ser utilizada apenas uma vez.<\/p>\n<p>Ainda segundo o texto da resolu\u00e7\u00e3o, a medida s\u00f3 ser\u00e1 revogada quando a situa\u00e7\u00e3o de emerg\u00eancia em sa\u00fade p\u00fablica for considerada ultrapassada pelo Minist\u00e9rio da Sa\u00fade. Hoje, o Brasil soma ao menos 3,2 milh\u00f5es de casos confirmados e 105.791 mortes por covid-19, de acordo com os dados mais recentes do Cons\u00f3rcio de Ve\u00edculos de Imprensa.<\/p>\n<p>&#8220;O regulamento unificou as regras de controle espec\u00edficas para a prescri\u00e7\u00e3o da cloroquina, hidroxicloroquina, nitazoxanida e ivermectina&#8221;, afirma a Anvisa, em nota. &#8220;A norma tem por objetivo coibir a compra indiscriminada desses medicamentos, que t\u00eam sido amplamente divulgados.&#8221;<\/p>\n<p>A cloroquina e a hidroxicloroquina s\u00e3o usadas para doen\u00e7as autoimunes, como l\u00fapus ou mal\u00e1ria. J\u00e1 ivermectina e nitazoxanida servem para tratamentos de doen\u00e7as parasit\u00e1rias em seres humanos.<\/p>\n<p>Para tentar garantir o estoque a pacientes que necessitam dos f\u00e1rmacos por outras doen\u00e7as, a Anvisa j\u00e1 havia publicado a resolu\u00e7\u00e3o 351\/2020, em mar\u00e7o, que passou a exigir a prescri\u00e7\u00e3o m\u00e9dica, em receita especial, para medicamentos \u00e0 base de cloroquina ou hidroxicloroquina.<\/p>\n<p><strong>Propaganda<\/strong><\/p>\n<p>Por enquanto, n\u00e3o h\u00e1 nenhum estudo conclusivo sobre a efic\u00e1cia da cloroquina ou da ivermectina para curar ou prevenir contra o coronav\u00edrus. Mesmo sem comprova\u00e7\u00e3o cient\u00edfica, o medicamento passou a ser disputado nas farm\u00e1cias do Pa\u00eds e foi propagandeado por Bolsonaro e por outros integrantes do governo.<\/p>\n<p>A press\u00e3o para liberar cloroquina tamb\u00e9m esteve no centro da demiss\u00e3o do ex-ministro da Sa\u00fade, o oncologista Nelson Teich, que entregou o cargo em maio ap\u00f3s se recusar a cumprir ordem do presidente. Desde ent\u00e3o, o general Eduardo Pazuello est\u00e1 interinamente \u00e0 frente da pasta durante a pandemia.<\/p>\n<p>Na \u00faltima live, Bolsonaro afirmou ter usado cloroquina ap\u00f3s contrair covid-19 e relatou que &#8220;12 horas depois estava com sintomas curados&#8221;. Na mesma transmiss\u00e3o, entretanto, ele admitiu que pode ter sido apenas uma &#8220;coincid\u00eancia&#8221;, j\u00e1 que pesquisas indicam que a maior parte das pessoas que contraem o v\u00edrus n\u00e3o apresenta sintomas da doen\u00e7a.<\/p>\n<p>Ainda assim, o presidente voltou a mostrar uma caixa de cloroquina e a defender o medicamento mais uma vez, ponderando que \u00e9 preciso ter prescri\u00e7\u00e3o m\u00e9dica para o uso. &#8220;Para comprar isso aqui (medicamento) precisava da prescri\u00e7\u00e3o m\u00e9dica. Ainda precisa (de receita), porque \u00e9 tarja vermelha&#8221;, disse.<\/p>\n<p>Na ocasi\u00e3o, Bolsonaro rebateu as cr\u00edticas de que o Ex\u00e9rcito produziu cloroquina em excesso durante a pandemia. &#8220;Alguns estavam criticando que o presidente mandou o Ex\u00e9rcito fabricar comprimidos e est\u00e3o com uma reserva de 4 milh\u00f5es. \u00c9 mais ou menos isso que tem, mas o nosso consumo anual da hidroxicloroquina para mal\u00e1ria, l\u00fapus, artrite reumatoide, d\u00e1 3 milh\u00f5es de comprimidos por ano. Nada vai ser jogado fora. Tudo vai ser aproveitado de uma forma ou de outra.&#8221;<\/p>\n<p>Procurado para falar sobre o assunto, o Pal\u00e1cio do Planalto ainda n\u00e3o se manifestou \/ COLABOROU RENATA OKUMURA<\/p>\n<p>&nbsp;<\/p>\n<p><strong>Fonte: Terra<\/strong><\/p>\n<p>&nbsp;<\/p>\n","protected":false},"excerpt":{"rendered":"<p>Um dia ap\u00f3s Jair Bolsonaro anunciar que vai facilitar o acesso a hidroxicloroquina e ivermectina, a Ag\u00eancia Nacional de Vigil\u00e2ncia Sanit\u00e1ria (Anvisa) afirma que n\u00e3o houve altera\u00e7\u00e3o na regra de compra dos medicamentos e que ainda \u00e9 preciso apresentar receita dupla nas farm\u00e1cias e drogarias. Mesmo sem efic\u00e1cia comprovada para o novo coronav\u00edrus, os rem\u00e9dios &hellip;<\/p>\n","protected":false},"author":1,"featured_media":8757,"comment_status":"open","ping_status":"open","sticky":false,"template":"","format":"standard","meta":{"_jetpack_newsletter_access":"","_jetpack_dont_email_post_to_subs":false,"_jetpack_newsletter_tier_id":0,"_jetpack_memberships_contains_paywalled_content":false,"_jetpack_memberships_contains_paid_content":false,"footnotes":""},"categories":[1],"tags":[],"class_list":["post-8756","post","type-post","status-publish","format-standard","has-post-thumbnail","hentry","category-destaque"],"jetpack_sharing_enabled":true,"jetpack_featured_media_url":"","_links":{"self":[{"href":"https:\/\/www.oparanews.com.br\/index.php\/wp-json\/wp\/v2\/posts\/8756","targetHints":{"allow":["GET"]}}],"collection":[{"href":"https:\/\/www.oparanews.com.br\/index.php\/wp-json\/wp\/v2\/posts"}],"about":[{"href":"https:\/\/www.oparanews.com.br\/index.php\/wp-json\/wp\/v2\/types\/post"}],"author":[{"embeddable":true,"href":"https:\/\/www.oparanews.com.br\/index.php\/wp-json\/wp\/v2\/users\/1"}],"replies":[{"embeddable":true,"href":"https:\/\/www.oparanews.com.br\/index.php\/wp-json\/wp\/v2\/comments?post=8756"}],"version-history":[{"count":0,"href":"https:\/\/www.oparanews.com.br\/index.php\/wp-json\/wp\/v2\/posts\/8756\/revisions"}],"wp:attachment":[{"href":"https:\/\/www.oparanews.com.br\/index.php\/wp-json\/wp\/v2\/media?parent=8756"}],"wp:term":[{"taxonomy":"category","embeddable":true,"href":"https:\/\/www.oparanews.com.br\/index.php\/wp-json\/wp\/v2\/categories?post=8756"},{"taxonomy":"post_tag","embeddable":true,"href":"https:\/\/www.oparanews.com.br\/index.php\/wp-json\/wp\/v2\/tags?post=8756"}],"curies":[{"name":"wp","href":"https:\/\/api.w.org\/{rel}","templated":true}]}}