{"id":8759,"date":"2020-08-15T00:54:30","date_gmt":"2020-08-15T00:54:30","guid":{"rendered":"https:\/\/oparanews.com.br\/?p=8759"},"modified":"2020-08-15T00:54:30","modified_gmt":"2020-08-15T00:54:30","slug":"ufal-realiza-vestibular-para-450-vagas-em-cursos-de-graduacao-a-distancia","status":"publish","type":"post","link":"https:\/\/www.oparanews.com.br\/index.php\/2020\/08\/15\/ufal-realiza-vestibular-para-450-vagas-em-cursos-de-graduacao-a-distancia\/","title":{"rendered":"Ufal realiza vestibular para 450 vagas em cursos de gradua\u00e7\u00e3o a dist\u00e2ncia"},"content":{"rendered":"<p>A Universidade Federal de Alagoas (Ufal) vai realizar vestibular para 450 vagas em cursos na modalidade a dist\u00e2ncia, semipresencial, do Sistema Universidade Aberta do Brasil (UAB).<\/p>\n<p>S\u00e3o ofertadas as gradua\u00e7\u00f5es em Matem\u00e1tica, Letras Portugu\u00eas e Letras Espanhol. Todas licenciaturas. O ingresso \u00e9 para o ano letivo de 2020 e as atividades ser\u00e3o realizadas nos polos da Ufal\/UAB em Macei\u00f3, Arapiraca, Palmeira dos \u00cdndios, Penedo, Olho D&#8217;\u00c1gua das Flores, Delmiro Gouveia, Matriz de Camaragibe e Maragogi.<\/p>\n<p>As inscri\u00e7\u00f5es devem ser realizadas no site da Copeve, no per\u00edodo de 14 de agosto a 3 de setembro. A taxa de inscri\u00e7\u00e3o, no valor de R$ 30, s\u00f3 pode ser paga nas ag\u00eancias do Banco do Brasil. Candidatos que atendam aos requisitos estabelecidos no edital podem solicitar isen\u00e7\u00e3o da taxa de 14 a 18 de agosto.<\/p>\n<p>A previs\u00e3o \u00e9 que o resultado final do vestibular seja divulgado em 5 de outubro.<\/p>\n<p><strong>Sobre o processo seletivo<\/strong><\/p>\n<p>Por conta da pandemia de covid-19, n\u00e3o vai ter prova escrita. O vestibular ser\u00e1 realizado em uma \u00fanica etapa, com os candidatos sendo avaliados por prova de t\u00edtulos ou pela nota do Exame Nacional do Ensino M\u00e9dio (Enem), de car\u00e1ter classificat\u00f3rio e eliminat\u00f3rio.<\/p>\n<p>As vagas ser\u00e3o ofertadas para dois grupos de candidatos: uma parte ser\u00e1 destinada a profissionais com v\u00ednculo efetivo (concursado) em alguma escola da rede p\u00fablica de ensino estadual ou municipal. J\u00e1 a segunda \u00e9 direcionada a qualquer pessoa que tenha feito pelo menos uma edi\u00e7\u00e3o do Enem nos \u00faltimos 5 anos (2015, 2016, 2017, 2018 ou 2019) e que n\u00e3o tenha zerado a reda\u00e7\u00e3o.<\/p>\n<p>\u201cNesse edital em especial, por conta da pandemia e n\u00e3o poder ter prova escrita, vai ser considerada a nota do Enem para o grupo da demanda aberta. Para profissionais que atuam na rede p\u00fablica de ensino, a sele\u00e7\u00e3o vai seguir uma s\u00e9rie de crit\u00e9rios com a an\u00e1lise de documentos enviados\u201d, refor\u00e7a o coordenador Institucional da Educa\u00e7\u00e3o a Dist\u00e2ncia (Cied) da Ufal, Jos\u00e9 Geraldo Ribeiro.<\/p>\n<p>Ap\u00f3s tr\u00eas anos sem vestibular para os cursos a dist\u00e2ncia, com o \u00faltimo processo seletivo realizado no segundo semestre de 2017, o coordenador comemora o retorno da oferta. \u201cEstamos com uma expectativa muito boa em rela\u00e7\u00e3o ao preenchimento das vagas e \u00e0 qualifica\u00e7\u00e3o dos profissionais da rede p\u00fablica de ensino nas \u00e1reas de matem\u00e1tica e portugu\u00eas\u201d, destaca.<\/p>\n<p>Para conferir o edital e acompanhar as etapas do processo, <a href=\"http:\/\/www.copeve.ufal.br\/index.php?opcao=concurso&amp;idConcurso=437\"><strong>acesse<\/strong><\/a>.<\/p>\n<p>&nbsp;<\/p>\n<p><strong>Fonte: Ascom Ufal<\/strong><\/p>\n<p>&nbsp;<\/p>\n","protected":false},"excerpt":{"rendered":"<p>A Universidade Federal de Alagoas (Ufal) vai realizar vestibular para 450 vagas em cursos na modalidade a dist\u00e2ncia, semipresencial, do Sistema Universidade Aberta do Brasil (UAB). S\u00e3o ofertadas as gradua\u00e7\u00f5es em Matem\u00e1tica, Letras Portugu\u00eas e Letras Espanhol. Todas licenciaturas. O ingresso \u00e9 para o ano letivo de 2020 e as atividades ser\u00e3o realizadas nos polos &hellip;<\/p>\n","protected":false},"author":1,"featured_media":8760,"comment_status":"open","ping_status":"open","sticky":false,"template":"","format":"standard","meta":{"_jetpack_newsletter_access":"","_jetpack_dont_email_post_to_subs":false,"_jetpack_newsletter_tier_id":0,"_jetpack_memberships_contains_paywalled_content":false,"_jetpack_memberships_contains_paid_content":false,"footnotes":""},"categories":[1],"tags":[],"class_list":["post-8759","post","type-post","status-publish","format-standard","has-post-thumbnail","hentry","category-destaque"],"jetpack_sharing_enabled":true,"jetpack_featured_media_url":"","_links":{"self":[{"href":"https:\/\/www.oparanews.com.br\/index.php\/wp-json\/wp\/v2\/posts\/8759","targetHints":{"allow":["GET"]}}],"collection":[{"href":"https:\/\/www.oparanews.com.br\/index.php\/wp-json\/wp\/v2\/posts"}],"about":[{"href":"https:\/\/www.oparanews.com.br\/index.php\/wp-json\/wp\/v2\/types\/post"}],"author":[{"embeddable":true,"href":"https:\/\/www.oparanews.com.br\/index.php\/wp-json\/wp\/v2\/users\/1"}],"replies":[{"embeddable":true,"href":"https:\/\/www.oparanews.com.br\/index.php\/wp-json\/wp\/v2\/comments?post=8759"}],"version-history":[{"count":0,"href":"https:\/\/www.oparanews.com.br\/index.php\/wp-json\/wp\/v2\/posts\/8759\/revisions"}],"wp:attachment":[{"href":"https:\/\/www.oparanews.com.br\/index.php\/wp-json\/wp\/v2\/media?parent=8759"}],"wp:term":[{"taxonomy":"category","embeddable":true,"href":"https:\/\/www.oparanews.com.br\/index.php\/wp-json\/wp\/v2\/categories?post=8759"},{"taxonomy":"post_tag","embeddable":true,"href":"https:\/\/www.oparanews.com.br\/index.php\/wp-json\/wp\/v2\/tags?post=8759"}],"curies":[{"name":"wp","href":"https:\/\/api.w.org\/{rel}","templated":true}]}}