{"id":8765,"date":"2020-08-16T00:48:34","date_gmt":"2020-08-16T00:48:34","guid":{"rendered":"https:\/\/oparanews.com.br\/?p=8765"},"modified":"2020-08-16T00:48:34","modified_gmt":"2020-08-16T00:48:34","slug":"apos-17-anos-de-tv-globo-marcius-melhem-deixa-emissora","status":"publish","type":"post","link":"https:\/\/www.oparanews.com.br\/index.php\/2020\/08\/16\/apos-17-anos-de-tv-globo-marcius-melhem-deixa-emissora\/","title":{"rendered":"Ap\u00f3s 17 anos de TV Globo, Marcius Melhem deixa emissora"},"content":{"rendered":"<p>Marcius Melhem se tornou mais um artista a n\u00e3o ter mais contrato com a TV Globo, deixando a emissora ap\u00f3s 17 anos. Recentemente, Melhem j\u00e1 havia deixado o cargo de coordenador do departamento de projetos de humor, quando pediu licen\u00e7a de quatro meses.<\/p>\n<p>\u201cA Globo e Marcius Melhem, em comum acordo, encerraram a parceria de 17 anos de sucessos. O artista, que deu importante contribui\u00e7\u00e3o para a renova\u00e7\u00e3o do humor nas diversas plataformas da empresa, estava de licen\u00e7a desde mar\u00e7o para acompanhar o tratamento de sa\u00fade de sua filha no exterior\u201d, disse a emissora, em comunicado.<\/p>\n<p>\u201cComo todos sabem, a Globo tem tomado uma s\u00e9rie de iniciativas para se preparar para os desafios do futuro e, com isso, adotado novas din\u00e2micas de parceria com atores e criadores em suas m\u00faltiplas plataformas. Os conte\u00fados de humor, assim como os de dramaturgia di\u00e1ria e semanal, continuam sob a lideran\u00e7a de Silvio de Abreu, diretor de Dramaturgia da Globo\u201d, seguiu.<\/p>\n<p>\u201cEntendemos que essa liberdade seria ben\u00e9fica para ambos os lados\u201d, escreveu Melhem, em seu perfil no Twitter, nesta sexta-feira (14). \u201cAgora tenho mais tempo para minha vida pessoal. E para desenvolver ideias com calma e livremente. Quando chegar a hora de elas acontecerem eu venho aqui contar\u201d, finalizou.<\/p>\n<p>&nbsp;<\/p>\n<p><strong>Fonte: Isto\u00e9<\/strong><\/p>\n<p>&nbsp;<\/p>\n","protected":false},"excerpt":{"rendered":"<p>Marcius Melhem se tornou mais um artista a n\u00e3o ter mais contrato com a TV Globo, deixando a emissora ap\u00f3s 17 anos. Recentemente, Melhem j\u00e1 havia deixado o cargo de coordenador do departamento de projetos de humor, quando pediu licen\u00e7a de quatro meses. \u201cA Globo e Marcius Melhem, em comum acordo, encerraram a parceria de &hellip;<\/p>\n","protected":false},"author":1,"featured_media":8766,"comment_status":"open","ping_status":"open","sticky":false,"template":"","format":"standard","meta":{"_jetpack_newsletter_access":"","_jetpack_dont_email_post_to_subs":false,"_jetpack_newsletter_tier_id":0,"_jetpack_memberships_contains_paywalled_content":false,"_jetpack_memberships_contains_paid_content":false,"footnotes":""},"categories":[1],"tags":[],"class_list":["post-8765","post","type-post","status-publish","format-standard","has-post-thumbnail","hentry","category-destaque"],"jetpack_sharing_enabled":true,"jetpack_featured_media_url":"","_links":{"self":[{"href":"https:\/\/www.oparanews.com.br\/index.php\/wp-json\/wp\/v2\/posts\/8765","targetHints":{"allow":["GET"]}}],"collection":[{"href":"https:\/\/www.oparanews.com.br\/index.php\/wp-json\/wp\/v2\/posts"}],"about":[{"href":"https:\/\/www.oparanews.com.br\/index.php\/wp-json\/wp\/v2\/types\/post"}],"author":[{"embeddable":true,"href":"https:\/\/www.oparanews.com.br\/index.php\/wp-json\/wp\/v2\/users\/1"}],"replies":[{"embeddable":true,"href":"https:\/\/www.oparanews.com.br\/index.php\/wp-json\/wp\/v2\/comments?post=8765"}],"version-history":[{"count":0,"href":"https:\/\/www.oparanews.com.br\/index.php\/wp-json\/wp\/v2\/posts\/8765\/revisions"}],"wp:attachment":[{"href":"https:\/\/www.oparanews.com.br\/index.php\/wp-json\/wp\/v2\/media?parent=8765"}],"wp:term":[{"taxonomy":"category","embeddable":true,"href":"https:\/\/www.oparanews.com.br\/index.php\/wp-json\/wp\/v2\/categories?post=8765"},{"taxonomy":"post_tag","embeddable":true,"href":"https:\/\/www.oparanews.com.br\/index.php\/wp-json\/wp\/v2\/tags?post=8765"}],"curies":[{"name":"wp","href":"https:\/\/api.w.org\/{rel}","templated":true}]}}