{"id":8768,"date":"2020-08-16T00:51:15","date_gmt":"2020-08-16T00:51:15","guid":{"rendered":"https:\/\/oparanews.com.br\/?p=8768"},"modified":"2020-08-16T00:51:15","modified_gmt":"2020-08-16T00:51:15","slug":"alagoas-tem-72-076-casos-confirmados-e-1-742-mortes-por-covid-19","status":"publish","type":"post","link":"https:\/\/www.oparanews.com.br\/index.php\/2020\/08\/16\/alagoas-tem-72-076-casos-confirmados-e-1-742-mortes-por-covid-19\/","title":{"rendered":"Alagoas tem 72.076 casos confirmados e 1.742 mortes por Covid-19"},"content":{"rendered":"<p>Alagoas tem 72.076 casos confirmados e 1.742 mortes por Covid-19, de acordo com o boletim mais recente da Secretaria de Estado da Sa\u00fade (Sesau). Os dados foram divulgados neste s\u00e1bado (15).<\/p>\n<p>Nas \u00faltimas 24 horas, foram registrados 844 novos casos e 10 mortes causadas pela doen\u00e7a no estado.<\/p>\n<p>De acordo com o boletim, Alagoas tem 1.025 casos suspeitos, aguardando resultado de exames. E dos pacientes que foram infectados pelo novo coronav\u00edrus, 65.579 est\u00e3o recuperados.<\/p>\n<p>Das 10 mortes causadas pela Covid-19, sete foram de pacientes do interior do estado e tr\u00eas foram de pessoas que moravam em Macei\u00f3.<\/p>\n<p>A taxa de ocupa\u00e7\u00e3o de leitos exclusivos para atender pacientes com suspeita ou confirma\u00e7\u00e3o de Covid-19 era de 25%, segundo a \u00faltima atualiza\u00e7\u00e3o, feita na sexta-feira (14). Quando considerados apenas os leitos de UTI, a taxa de ocupa\u00e7\u00e3o estava em 49%.<\/p>\n<p>Mais 10 mortes por Covid-19 em Alagoas<\/p>\n<p>Macei\u00f3: Mulher, 53 anos \u2013 doen\u00e7a respirat\u00f3ria cr\u00f4nica<br \/>\nMacei\u00f3: Mulher, 68 anos \u2013sem comorbidades<br \/>\nMacei\u00f3: Homem, 69 anos \u2013 doen\u00e7a cardiovascular<br \/>\nMessias: Homem, 58 anos \u2013 sem comorbidades<br \/>\nMessias: Homem, 61 anos \u2013sem comorbidades<br \/>\nArapiraca: Homem, 58 anos \u2013 doen\u00e7a cardiovascular<br \/>\nUni\u00e3o dos Palmares: Homem, 64 anos \u2013 sem comorbidades<br \/>\nAtalaia: Homem, 70 anos &#8211; doen\u00e7a renal cr\u00f4nica<br \/>\nRio Largo: Mulher, 88 anos &#8211; sem comorbidades<br \/>\nCapela: Mulher, 73 anos &#8211; sem comorbidades<\/p>\n<p>&nbsp;<\/p>\n<p><strong>Fonte: G1\/AL<\/strong><\/p>\n<p>&nbsp;<\/p>\n","protected":false},"excerpt":{"rendered":"<p>Alagoas tem 72.076 casos confirmados e 1.742 mortes por Covid-19, de acordo com o boletim mais recente da Secretaria de Estado da Sa\u00fade (Sesau). Os dados foram divulgados neste s\u00e1bado (15). Nas \u00faltimas 24 horas, foram registrados 844 novos casos e 10 mortes causadas pela doen\u00e7a no estado. De acordo com o boletim, Alagoas tem &hellip;<\/p>\n","protected":false},"author":1,"featured_media":8769,"comment_status":"open","ping_status":"open","sticky":false,"template":"","format":"standard","meta":{"_jetpack_newsletter_access":"","_jetpack_dont_email_post_to_subs":false,"_jetpack_newsletter_tier_id":0,"_jetpack_memberships_contains_paywalled_content":false,"_jetpack_memberships_contains_paid_content":false,"footnotes":""},"categories":[1],"tags":[],"class_list":["post-8768","post","type-post","status-publish","format-standard","has-post-thumbnail","hentry","category-destaque"],"jetpack_sharing_enabled":true,"jetpack_featured_media_url":"","_links":{"self":[{"href":"https:\/\/www.oparanews.com.br\/index.php\/wp-json\/wp\/v2\/posts\/8768","targetHints":{"allow":["GET"]}}],"collection":[{"href":"https:\/\/www.oparanews.com.br\/index.php\/wp-json\/wp\/v2\/posts"}],"about":[{"href":"https:\/\/www.oparanews.com.br\/index.php\/wp-json\/wp\/v2\/types\/post"}],"author":[{"embeddable":true,"href":"https:\/\/www.oparanews.com.br\/index.php\/wp-json\/wp\/v2\/users\/1"}],"replies":[{"embeddable":true,"href":"https:\/\/www.oparanews.com.br\/index.php\/wp-json\/wp\/v2\/comments?post=8768"}],"version-history":[{"count":0,"href":"https:\/\/www.oparanews.com.br\/index.php\/wp-json\/wp\/v2\/posts\/8768\/revisions"}],"wp:attachment":[{"href":"https:\/\/www.oparanews.com.br\/index.php\/wp-json\/wp\/v2\/media?parent=8768"}],"wp:term":[{"taxonomy":"category","embeddable":true,"href":"https:\/\/www.oparanews.com.br\/index.php\/wp-json\/wp\/v2\/categories?post=8768"},{"taxonomy":"post_tag","embeddable":true,"href":"https:\/\/www.oparanews.com.br\/index.php\/wp-json\/wp\/v2\/tags?post=8768"}],"curies":[{"name":"wp","href":"https:\/\/api.w.org\/{rel}","templated":true}]}}