{"id":8774,"date":"2020-08-16T01:04:19","date_gmt":"2020-08-16T01:04:19","guid":{"rendered":"https:\/\/oparanews.com.br\/?p=8774"},"modified":"2020-08-16T01:04:19","modified_gmt":"2020-08-16T01:04:19","slug":"maceio-entra-na-fase-azul-nesta-sexta-feira-confira-horarios","status":"publish","type":"post","link":"https:\/\/www.oparanews.com.br\/index.php\/2020\/08\/16\/maceio-entra-na-fase-azul-nesta-sexta-feira-confira-horarios\/","title":{"rendered":"Macei\u00f3 entra na fase azul nesta sexta-feira; confira hor\u00e1rios"},"content":{"rendered":"<p>As medidas para o enfrentamento \u00e0 Covid-19 em Macei\u00f3 continuam gerando resultados positivos, j\u00e1 que a capital alagoana segue registrando a redu\u00e7\u00e3o de casos e avan\u00e7a para mais uma fase do Plano de Distanciamento Social Controlado. A partir desta sexta-feira (14), Macei\u00f3 est\u00e1 na Fase Azul, que amplia hor\u00e1rio de funcionamento e capacidade de atendimento de bares, restaurantes e igrejas. O prefeito Rui Palmeira assinou o decreto N\u00ba 8. 938, publicado na edi\u00e7\u00e3o extraordin\u00e1ria do Di\u00e1rio Oficial do Munic\u00edpio.<\/p>\n<p>Durante a fase azul, os bares e restaurantes t\u00eam autoriza\u00e7\u00e3o para o funcionamento com 75% da capacidade e com hor\u00e1rio de atendimento at\u00e9 \u00e0s 2h. Os templos, igrejas, demais institui\u00e7\u00f5es religiosas e o transporte intermunicipal e tur\u00edsticos tamb\u00e9m passam a funcionar com 75% da capacidade.<\/p>\n<p>Est\u00e1 mantido o hor\u00e1rio de funcionamento para shoppings e galerias, de 10h \u00e0s 22h, e as lojas do Centro, de segunda a sexta-feira, das 09h \u00e0s 17h, e s\u00e1bado das 9h \u00e0s 14h. As academias e clubes seguem em funcionamento com 50% da capacidade. O novo documento orienta propriet\u00e1rios de lojas de conveni\u00eancia, situadas em postos de combust\u00edveis: os estabelecimentos devem fechar \u00e0s 2h e podem ser abertos \u00e0s 6h. Lojas, estabelecimentos de rua, sal\u00f5es de beleza e barbearias seguem em atendimento normal, desde que sigam os protocolos de higiene e distanciamento social.<\/p>\n<p>O decreto autoriza tamb\u00e9m, at\u00e9 o dia 28 de agosto, o funcionamento de playgrounds e servi\u00e7os voltados para crian\u00e7as em estabelecimentos comerciais com 50% da capacidade. Para isso, os respons\u00e1veis devem seguir as condi\u00e7\u00f5es: controlar a frequ\u00eancia de acesso aos espa\u00e7os e equipamentos, disponibilizar \u00e1lcool 70% para os usu\u00e1rios que devem usar obrigatoriamente m\u00e1scara, monitor para evitar aglomera\u00e7\u00e3o e contato f\u00edsico entre as crian\u00e7as, higienizar os espa\u00e7os e equipamentos antes de cada uso e orientar aos pais, acompanhantes e as crian\u00e7as sobre como usar os espa\u00e7os e equipamentos infantis de forma segura e adequada; al\u00e9m de divulgar as regras por meio de sinaliza\u00e7\u00e3o pr\u00f3pria.<\/p>\n<p>Est\u00e3o mantidas as medidas de seguran\u00e7a, distanciamento social e higieniza\u00e7\u00e3o em locais p\u00fablicos, estabelecimentos comerciais e institui\u00e7\u00f5es financeiras, publicadas nos decretos municipais, al\u00e9m dos protocolos espec\u00edficos. A obrigatoriedade do uso de m\u00e1scaras sobre o nariz e a boca permanece em todo territ\u00f3rio municipal.<\/p>\n<p><strong>Atividades de esporte e lazer<\/strong><\/p>\n<p>At\u00e9 o dia 28, segue autorizada a pr\u00e1tica esportiva \u2013 de forma individualizada \u2013 no cal\u00e7ad\u00e3o da orla e pra\u00e7as com uso obrigat\u00f3rio de m\u00e1scara, distanciamento social m\u00ednimo de 10m no mesmo fluxo e 2m no fluxo contr\u00e1rio, sem contato social antes, durante ou depois da pr\u00e1tica de atividades f\u00edsicas e esportivas e sem aglomera\u00e7\u00e3o de pessoas. O banho de mar, o uso da praia na faixa arenosa de forma individualizada, passeio com animais dom\u00e9sticos ou de estima\u00e7\u00e3o, a utiliza\u00e7\u00e3o de parques infantis e mobili\u00e1rios urbanos esportivos situados na orla e nas pra\u00e7as e os treinos funcionais ao ar livre, desde que sem contato f\u00edsico, permanecem autorizados.<\/p>\n<p>Continua proibida at\u00e9 o dia 28 de agosto de 2020 a pr\u00e1tica de esportes coletivos com contato f\u00edsico direto, nas orlas, pra\u00e7as, parques, quadras, escolas de esportes e gin\u00e1sios p\u00fablicos e privados.<\/p>\n<p><strong>Teletrabalho e Educa\u00e7\u00e3o<\/strong><\/p>\n<p>A Prefeitura de Macei\u00f3 manter\u00e1 o regime de teletrabalho, assim como a paralisa\u00e7\u00e3o das atividades educacionais nas escolas da Rede Municipal e de institui\u00e7\u00f5es privadas, at\u00e9 o in\u00edcio da fase verde.<\/p>\n<p><strong>Orla<\/strong><\/p>\n<p>O com\u00e9rcio ambulante, bares, restaurantes, barracas, quiosques, mixes e food trucks, feiras e mercados de artesanato, passeios tur\u00edsticos, balan\u00e7as de pescado e bancas de revistas situadas nas orlas e pra\u00e7as permanecem autorizados a funcionar na orla municipal, seguindo as exig\u00eancias previstas no Protocolo Experimente Macei\u00f3. O estacionamento de ve\u00edculos nos espa\u00e7os p\u00fablicos da orla, em vagas intercaladas.<\/p>\n<p><strong>Eventos<\/strong><\/p>\n<p>Os eventos p\u00fablicos agendados pelos \u00f3rg\u00e3os ou entidades municipais, al\u00e9m de concess\u00f5es de licen\u00e7as ou alvar\u00e1s para realiza\u00e7\u00e3o de eventos privados ou p\u00fablicos permanecem suspensos at\u00e9 o dia 28 de agosto de 2020. Segue autorizado at\u00e9 o dia 28 de agosto de 2020 o uso de espa\u00e7os abertos, p\u00fablicos ou privados para a realiza\u00e7\u00e3o de eventos em formato drive-in, desde que cumpridas as medidas de seguran\u00e7a e higieniza\u00e7\u00e3o.<\/p>\n<p><strong>Transporte p\u00fablico<\/strong><\/p>\n<p>Continua proibido o uso do Cart\u00e3o Bem Legal Escolar e do Cart\u00e3o Bem Legal S\u00eanior nos transportes p\u00fablicos municipais. Essa regra n\u00e3o vale para pessoas com defici\u00eancia ou patologia cr\u00f4nica, que necessitam de gratuidade nesses coletivos. Est\u00e1 mantida a capacidade de passageiros nos transportes p\u00fablicos urbanos, sentados ou em p\u00e9, no limite da capacidade do ve\u00edculo, com as janelas abertas, sem utiliza\u00e7\u00e3o de ar condicionado, sem redu\u00e7\u00e3o de frota e com o uso obrigat\u00f3rio de m\u00e1scaras. O programa Domingo \u00e9 Meia tamb\u00e9m permanece suspenso.<\/p>\n<p><strong>Funerais<\/strong><\/p>\n<p>Em casos de mortes por Covid-19, at\u00e9 em casos suspeitos, a dura\u00e7\u00e3o m\u00e1xima ser\u00e1 de uma hora por vel\u00f3rio e enterro, com o caix\u00e3o fechado e limite de dez pessoas. J\u00e1 no caso de \u00f3bitos que n\u00e3o sejam decorrentes da pandemia, a dura\u00e7\u00e3o m\u00e1xima ser\u00e1 de tr\u00eas horas com a presen\u00e7a de 20 pessoas. N\u00e3o devem comparecer ao cemit\u00e9rio os idosos com mais de 60 anos, as pessoas com doen\u00e7as cr\u00f4nicas e as suspeitas de ter contra\u00eddo coronav\u00edrus.<\/p>\n<p><strong>Fiscaliza\u00e7\u00e3o<\/strong><\/p>\n<p>Segue a atua\u00e7\u00e3o conjunta da Vigil\u00e2ncia Sanit\u00e1ria Estadual e Municipal, Pol\u00edcia Militar, Pol\u00edcia Civil, Procon e Guarda Municipal para fiscalizar o cumprimento dos decretos estadual e municipal . Em caso de descumprimento das recomenda\u00e7\u00f5es, qualquer cidad\u00e3o pode denunciar por meio do Disque Den\u00fancia da Vigil\u00e2ncia Sanit\u00e1ria Municipal, atrav\u00e9s do n\u00famero 3312-5496, de segunda a sexta-feira, das 7h30 \u00e0s 17h, e da Secretaria Municipal de Seguran\u00e7a Comunit\u00e1ria e Conv\u00edvio Social (Semscs), atrav\u00e9s do n\u00famero 3312-5277, de segunda a sexta-feira, das 8h \u00e0s 14h. As den\u00fancias sobre aglomera\u00e7\u00f5es devem ser feitas por meio dos telefones 181 ou 190.<\/p>\n<p>&nbsp;<\/p>\n<p><strong>Fonte: Secom Macei\u00f3<\/strong><\/p>\n<p>&nbsp;<\/p>\n","protected":false},"excerpt":{"rendered":"<p>As medidas para o enfrentamento \u00e0 Covid-19 em Macei\u00f3 continuam gerando resultados positivos, j\u00e1 que a capital alagoana segue registrando a redu\u00e7\u00e3o de casos e avan\u00e7a para mais uma fase do Plano de Distanciamento Social Controlado. A partir desta sexta-feira (14), Macei\u00f3 est\u00e1 na Fase Azul, que amplia hor\u00e1rio de funcionamento e capacidade de atendimento &hellip;<\/p>\n","protected":false},"author":1,"featured_media":8775,"comment_status":"open","ping_status":"open","sticky":false,"template":"","format":"standard","meta":{"_jetpack_newsletter_access":"","_jetpack_dont_email_post_to_subs":false,"_jetpack_newsletter_tier_id":0,"_jetpack_memberships_contains_paywalled_content":false,"_jetpack_memberships_contains_paid_content":false,"footnotes":""},"categories":[1],"tags":[],"class_list":["post-8774","post","type-post","status-publish","format-standard","has-post-thumbnail","hentry","category-destaque"],"jetpack_sharing_enabled":true,"jetpack_featured_media_url":"","_links":{"self":[{"href":"https:\/\/www.oparanews.com.br\/index.php\/wp-json\/wp\/v2\/posts\/8774","targetHints":{"allow":["GET"]}}],"collection":[{"href":"https:\/\/www.oparanews.com.br\/index.php\/wp-json\/wp\/v2\/posts"}],"about":[{"href":"https:\/\/www.oparanews.com.br\/index.php\/wp-json\/wp\/v2\/types\/post"}],"author":[{"embeddable":true,"href":"https:\/\/www.oparanews.com.br\/index.php\/wp-json\/wp\/v2\/users\/1"}],"replies":[{"embeddable":true,"href":"https:\/\/www.oparanews.com.br\/index.php\/wp-json\/wp\/v2\/comments?post=8774"}],"version-history":[{"count":0,"href":"https:\/\/www.oparanews.com.br\/index.php\/wp-json\/wp\/v2\/posts\/8774\/revisions"}],"wp:attachment":[{"href":"https:\/\/www.oparanews.com.br\/index.php\/wp-json\/wp\/v2\/media?parent=8774"}],"wp:term":[{"taxonomy":"category","embeddable":true,"href":"https:\/\/www.oparanews.com.br\/index.php\/wp-json\/wp\/v2\/categories?post=8774"},{"taxonomy":"post_tag","embeddable":true,"href":"https:\/\/www.oparanews.com.br\/index.php\/wp-json\/wp\/v2\/tags?post=8774"}],"curies":[{"name":"wp","href":"https:\/\/api.w.org\/{rel}","templated":true}]}}