{"id":8777,"date":"2020-08-16T01:14:31","date_gmt":"2020-08-16T01:14:31","guid":{"rendered":"https:\/\/oparanews.com.br\/?p=8777"},"modified":"2020-08-16T01:14:31","modified_gmt":"2020-08-16T01:14:31","slug":"rede-estadual-de-ensino-tera-recesso-escolar-em-setembro","status":"publish","type":"post","link":"https:\/\/www.oparanews.com.br\/index.php\/2020\/08\/16\/rede-estadual-de-ensino-tera-recesso-escolar-em-setembro\/","title":{"rendered":"Rede estadual de ensino ter\u00e1 recesso escolar em setembro"},"content":{"rendered":"<p>As escolas da rede estadual de ensino, as quais, desde o dia 07 de abril, participam das atividades remotas por meio do Regime Especial de Atividades Escolares N\u00e3o-Presenciais (REAENP), ter\u00e3o recesso de duas semanas no in\u00edcio do m\u00eas de setembro. A portaria com a data exata do recesso deve ser publicada no Di\u00e1rio Oficial do Estado (DOE) nos pr\u00f3ximos dias.<\/p>\n<p>Paralelamente, a Seduc tamb\u00e9m est\u00e1 em processo de contrata\u00e7\u00e3o de internet patrocinada para que alunos e professores possam desenvolver as atividades remotas neste per\u00edodo de isolamento social.<\/p>\n<p>N\u00e3o-presenciais &#8211; Segundo pesquisa realizada pela Secretaria de Estado da Educa\u00e7\u00e3o (Seduc), das 310 unidades de ensino da rede estadual, 99% est\u00e3o executando efetivamente o REAENP e o 1% restante est\u00e1 desenvolvendo o regime de forma parcial, mas continuando a cria\u00e7\u00e3o e distribui\u00e7\u00e3o de conte\u00fado para os alunos da rede.<\/p>\n<p>Os dados foram obtidos por meio de question\u00e1rio encaminhado pelas unidades de ensino \u00e0s 13 Ger\u00eancias Regionais da Educa\u00e7\u00e3o (Geres). As institui\u00e7\u00f5es de ensino que utilizam os meios digitais e impressos para levar conte\u00fado at\u00e9 os estudantes somam 75,7% das escolas. J\u00e1 as que usam apenas recursos digitais s\u00e3o 21% e as que encaminham apenas material impresso para os alunos s\u00e3o 3,2%.<\/p>\n<p>O levantamento tamb\u00e9m ouviu 46.831 alunos de 297 unidades da rede estadual, e, dentre estes, 88% realizaram alguma atividade proposta pelo professor ou pela escola neste per\u00edodo de vig\u00eancia do REAENP. A participa\u00e7\u00e3o dos alunos com a realiza\u00e7\u00e3o das atividades durante o regime especial tamb\u00e9m t\u00eam sido significativa: 67% das unidades de ensino est\u00e3o conseguindo atingir mais de 60% dos alunos matriculados.<\/p>\n<p>&nbsp;<\/p>\n<p><strong>Fonte: Ag\u00eancia Alagoas<\/strong><\/p>\n<p>&nbsp;<\/p>\n","protected":false},"excerpt":{"rendered":"<p>As escolas da rede estadual de ensino, as quais, desde o dia 07 de abril, participam das atividades remotas por meio do Regime Especial de Atividades Escolares N\u00e3o-Presenciais (REAENP), ter\u00e3o recesso de duas semanas no in\u00edcio do m\u00eas de setembro. A portaria com a data exata do recesso deve ser publicada no Di\u00e1rio Oficial do &hellip;<\/p>\n","protected":false},"author":1,"featured_media":8778,"comment_status":"open","ping_status":"open","sticky":false,"template":"","format":"standard","meta":{"_jetpack_newsletter_access":"","_jetpack_dont_email_post_to_subs":false,"_jetpack_newsletter_tier_id":0,"_jetpack_memberships_contains_paywalled_content":false,"_jetpack_memberships_contains_paid_content":false,"footnotes":""},"categories":[1],"tags":[],"class_list":["post-8777","post","type-post","status-publish","format-standard","has-post-thumbnail","hentry","category-destaque"],"jetpack_sharing_enabled":true,"jetpack_featured_media_url":"","_links":{"self":[{"href":"https:\/\/www.oparanews.com.br\/index.php\/wp-json\/wp\/v2\/posts\/8777","targetHints":{"allow":["GET"]}}],"collection":[{"href":"https:\/\/www.oparanews.com.br\/index.php\/wp-json\/wp\/v2\/posts"}],"about":[{"href":"https:\/\/www.oparanews.com.br\/index.php\/wp-json\/wp\/v2\/types\/post"}],"author":[{"embeddable":true,"href":"https:\/\/www.oparanews.com.br\/index.php\/wp-json\/wp\/v2\/users\/1"}],"replies":[{"embeddable":true,"href":"https:\/\/www.oparanews.com.br\/index.php\/wp-json\/wp\/v2\/comments?post=8777"}],"version-history":[{"count":0,"href":"https:\/\/www.oparanews.com.br\/index.php\/wp-json\/wp\/v2\/posts\/8777\/revisions"}],"wp:attachment":[{"href":"https:\/\/www.oparanews.com.br\/index.php\/wp-json\/wp\/v2\/media?parent=8777"}],"wp:term":[{"taxonomy":"category","embeddable":true,"href":"https:\/\/www.oparanews.com.br\/index.php\/wp-json\/wp\/v2\/categories?post=8777"},{"taxonomy":"post_tag","embeddable":true,"href":"https:\/\/www.oparanews.com.br\/index.php\/wp-json\/wp\/v2\/tags?post=8777"}],"curies":[{"name":"wp","href":"https:\/\/api.w.org\/{rel}","templated":true}]}}