{"id":8783,"date":"2020-08-16T01:26:44","date_gmt":"2020-08-16T01:26:44","guid":{"rendered":"https:\/\/oparanews.com.br\/?p=8783"},"modified":"2020-08-16T01:26:44","modified_gmt":"2020-08-16T01:26:44","slug":"bolsonaro-levou-o-povo-a-um-precipicio-diz-mandetta","status":"publish","type":"post","link":"https:\/\/www.oparanews.com.br\/index.php\/2020\/08\/16\/bolsonaro-levou-o-povo-a-um-precipicio-diz-mandetta\/","title":{"rendered":"&#8220;Bolsonaro levou o povo a um precip\u00edcio&#8221;, diz Mandetta"},"content":{"rendered":"<p>Em entrevista ao jornal The Guardian, Mandetta acusou o presidente brasileiro de desempenhar um papel &#8220;fundamental&#8221; na condu\u00e7\u00e3o do Brasil para uma cat\u00e1strofe. &#8220;Bolsonaro jogou pol\u00edtica com a vida dos cidad\u00e3os em um momento de crise global&#8221;, disse ele.<\/p>\n<p>O Brasil hoje tem mais de 105 mil mortes relacionados a covid-19. Atr\u00e1s somente dos Estados Unidos, tanto em n\u00famero de casos e \u00f3bitos.<\/p>\n<p>Mandetta, que insinuou que vai desafiar Bolsonaro para a presid\u00eancia em 2022, tornou-se um nome familiar nos est\u00e1gios iniciais da pandemia deste ano. Ele arrancou elogios da esquerda e da direita por seus alertas acess\u00edveis e baseados em ci\u00eancia sobre a amea\u00e7a do coronav\u00edrus durante confer\u00eancias di\u00e1rias de imprensa.<\/p>\n<p>O m\u00e9dico ortopedista foi nomeado ministro da sa\u00fade em novembro de 2018, chocantemente logo ap\u00f3s a elei\u00e7\u00e3o de Bolsonaro. Mas ele foi demitido em meados de abril, depois de ser desafiado publicamente por Bolsonaro em rela\u00e7\u00e3o ao distanciamento social.<\/p>\n<p>No dia em que Mandetta foi demitido, o n\u00famero de mortos de covid-19 no Brasil era cerca de 2 mil. Quatro meses depois, subiu para mais de 105 mil. O ex-ministro \u00e9 um dos muitos que culpam Bolsonaro pela escala da trag\u00e9dia.<\/p>\n<p>Segundo ele, a luta contra a covid-19 foi fatalmente comprometida pelo &#8220;desprezo absoluto pela ci\u00eancia&#8221; de Bolsonaro &#8211; que menosprezou a doen\u00e7a como uma &#8220;pequena gripe&#8221; e apoiou diversas vezes tratamentos ineficazes, como a cloroquina e hidroxicloroquina.<\/p>\n<p>&#8220;\u00c9 interessante que ele rejeite totalmente a ci\u00eancia e zombe de todos aqueles que falam de ci\u00eancia. No entanto, quando h\u00e1 qualquer perspectiva de uma vacina ele \u00e9 o primeiro a vir bater na porta da ci\u00eancia &#8230; como se uma vacina iria redimi-lo de sua marcha desconcertante atrav\u00e9s desta epidemia&#8221;, disse ele ao jornal brit\u00e2nico.<\/p>\n<p>Mandetta tamb\u00e9m atacou a &#8220;sabotagem completa&#8221; de Bolsonaro no Minist\u00e9rio da Sa\u00fade. Depois que Mandetta e sua equipe foram despejados, outro ministro da sa\u00fade, Nelson Teich, assumiu o comando, mas durou menos de um m\u00eas depois de tamb\u00e9m entrar em conflito com o presidente sobre a covid-19. Desde maio, o minist\u00e9rio tem um general do ex\u00e9rcito sem experi\u00eancia m\u00e9dica como l\u00edder interino.<\/p>\n<p>&#8220;Quando voc\u00ea est\u00e1 em uma situa\u00e7\u00e3o onde voc\u00ea se cerca de pessoas que dizem o que voc\u00ea quer ouvir e n\u00e3o a verdade &#8230; o l\u00edder acaba cegando a si mesmo para o que est\u00e1 acontecendo&#8221;, afirmou ele. &#8220;Ele ouve, mas n\u00e3o ouve. Ele olha, mas n\u00e3o v\u00ea&#8221;. O ex-ministro ainda alertou que, sem uma mudan\u00e7a urgente na dire\u00e7\u00e3o, o n\u00famero m\u00e9dio de mortes di\u00e1rias &#8211; que tem sido pr\u00f3ximo ou superior a 1.000 por quase tr\u00eas meses &#8211; s\u00f3 poderia cair no final de setembro.<\/p>\n<p>&#8220;Espero que o l\u00edder que sair vitorioso em 2022 seja capaz de reconstruir o tecido social quebrado do Brasil, dando a este pa\u00eds um senso de unidade&#8230; e aceitar que n\u00e3o \u00e9 normal sair por a\u00ed dizendo que os brasileiros gostam de rolar no esgoto&#8221;, disse Mandetta.<\/p>\n<p>&nbsp;<\/p>\n<p><strong>Fonte: Terra<\/strong><\/p>\n<p>&nbsp;<\/p>\n","protected":false},"excerpt":{"rendered":"<p>Em entrevista ao jornal The Guardian, Mandetta acusou o presidente brasileiro de desempenhar um papel &#8220;fundamental&#8221; na condu\u00e7\u00e3o do Brasil para uma cat\u00e1strofe. &#8220;Bolsonaro jogou pol\u00edtica com a vida dos cidad\u00e3os em um momento de crise global&#8221;, disse ele. O Brasil hoje tem mais de 105 mil mortes relacionados a covid-19. Atr\u00e1s somente dos Estados &hellip;<\/p>\n","protected":false},"author":1,"featured_media":8784,"comment_status":"open","ping_status":"open","sticky":false,"template":"","format":"standard","meta":{"_jetpack_newsletter_access":"","_jetpack_dont_email_post_to_subs":false,"_jetpack_newsletter_tier_id":0,"_jetpack_memberships_contains_paywalled_content":false,"_jetpack_memberships_contains_paid_content":false,"footnotes":""},"categories":[1],"tags":[],"class_list":["post-8783","post","type-post","status-publish","format-standard","has-post-thumbnail","hentry","category-destaque"],"jetpack_sharing_enabled":true,"jetpack_featured_media_url":"","_links":{"self":[{"href":"https:\/\/www.oparanews.com.br\/index.php\/wp-json\/wp\/v2\/posts\/8783","targetHints":{"allow":["GET"]}}],"collection":[{"href":"https:\/\/www.oparanews.com.br\/index.php\/wp-json\/wp\/v2\/posts"}],"about":[{"href":"https:\/\/www.oparanews.com.br\/index.php\/wp-json\/wp\/v2\/types\/post"}],"author":[{"embeddable":true,"href":"https:\/\/www.oparanews.com.br\/index.php\/wp-json\/wp\/v2\/users\/1"}],"replies":[{"embeddable":true,"href":"https:\/\/www.oparanews.com.br\/index.php\/wp-json\/wp\/v2\/comments?post=8783"}],"version-history":[{"count":0,"href":"https:\/\/www.oparanews.com.br\/index.php\/wp-json\/wp\/v2\/posts\/8783\/revisions"}],"wp:attachment":[{"href":"https:\/\/www.oparanews.com.br\/index.php\/wp-json\/wp\/v2\/media?parent=8783"}],"wp:term":[{"taxonomy":"category","embeddable":true,"href":"https:\/\/www.oparanews.com.br\/index.php\/wp-json\/wp\/v2\/categories?post=8783"},{"taxonomy":"post_tag","embeddable":true,"href":"https:\/\/www.oparanews.com.br\/index.php\/wp-json\/wp\/v2\/tags?post=8783"}],"curies":[{"name":"wp","href":"https:\/\/api.w.org\/{rel}","templated":true}]}}