{"id":8789,"date":"2020-08-16T20:48:15","date_gmt":"2020-08-16T20:48:15","guid":{"rendered":"https:\/\/oparanews.com.br\/?p=8789"},"modified":"2020-08-16T20:48:15","modified_gmt":"2020-08-16T20:48:15","slug":"alagoas-tem-72-734-casos-confirmados-do-novo-coronavirus-e-1-753-mortes","status":"publish","type":"post","link":"https:\/\/www.oparanews.com.br\/index.php\/2020\/08\/16\/alagoas-tem-72-734-casos-confirmados-do-novo-coronavirus-e-1-753-mortes\/","title":{"rendered":"Alagoas tem 72.734 casos confirmados do novo coronav\u00edrus e 1.753 mortes"},"content":{"rendered":"<p>De acordo com o boletim epidemiol\u00f3gico divulgado neste domingo (16) pela Secretaria de Estado da Sa\u00fade (Sesau), Alagoas tem um total de 72.734 casos confirmados do novo coronav\u00edrus at\u00e9 o momento e 1.753 mortes por causa da Covid-19.<\/p>\n<p>Foram registrados 658 novos casos e 11 \u00f3bitos em territ\u00f3rio alagoano nas \u00faltimas 24h. Do total de casos confirmados, 66.201 pacientes j\u00e1 finalizaram o per\u00edodo de isolamento, n\u00e3o apresentam mais sintomas e, portanto, est\u00e3o recuperados da doen\u00e7a. Outros 1.017 casos seguem em investiga\u00e7\u00e3o laboratorial.<\/p>\n<p>Das 11 mortes confirmadas laboratorialmente, quatro v\u00edtimas moravam em Macei\u00f3 e as outras sete em cidades do interior do estado.<\/p>\n<p>Dos 1.326 leitos criados pela Sesau para atender, exclusivamente, pacientes com suspeita e confirma\u00e7\u00e3o de infec\u00e7\u00e3o pelo novo coronav\u00edrus, 336 estavam ocupados at\u00e9 \u00e0s 17h do s\u00e1bado (15), o que corresponde a 25% do total. J\u00e1 a taxa de ocupa\u00e7\u00e3o dos leitos de UTI era de 48%.<\/p>\n<p>O n\u00famero total de pessoas testadas em Alagoas, segundo a Sesau, \u00e9 de 145.063.<\/p>\n<p>Mais 11 mortes s\u00e3o registradas em Alagoas<\/p>\n<p>Macei\u00f3: Mulher, 54 anos, sem comorbidades<br \/>\nMacei\u00f3: Mulher, 103 anos, sem comorbidades<br \/>\nMacei\u00f3: Mulher, 72 anos, hipertensa<br \/>\nMacei\u00f3: Homem, 83 anos, sem comorbidades<br \/>\nPalmeira dos \u00cdndios: Homem, 64 anos, doen\u00e7a respirat\u00f3ria cr\u00f4nica<br \/>\nCoruripe: Homem, 66 anos, sem comorbidades<br \/>\nCampo Alegre: Homem, 60 anos, sem comorbidades<br \/>\nSantana do Ipanema: Homem, 77 anos, sem comorbidades<br \/>\nSantana do Ipanema: Homem, 69 anos, diab\u00e9tico<br \/>\nRio Largo: Mulher, 84 anos, tinha imunossupress\u00e3o<br \/>\nCra\u00edbas: Mulher, 74 anos, hipertensa e diab\u00e9tica<\/p>\n<p>&nbsp;<\/p>\n<p><strong>Fonte: G1\/AL<\/strong><\/p>\n<p>&nbsp;<\/p>\n","protected":false},"excerpt":{"rendered":"<p>De acordo com o boletim epidemiol\u00f3gico divulgado neste domingo (16) pela Secretaria de Estado da Sa\u00fade (Sesau), Alagoas tem um total de 72.734 casos confirmados do novo coronav\u00edrus at\u00e9 o momento e 1.753 mortes por causa da Covid-19. Foram registrados 658 novos casos e 11 \u00f3bitos em territ\u00f3rio alagoano nas \u00faltimas 24h. Do total de &hellip;<\/p>\n","protected":false},"author":1,"featured_media":8649,"comment_status":"open","ping_status":"open","sticky":false,"template":"","format":"standard","meta":{"_jetpack_newsletter_access":"","_jetpack_dont_email_post_to_subs":false,"_jetpack_newsletter_tier_id":0,"_jetpack_memberships_contains_paywalled_content":false,"_jetpack_memberships_contains_paid_content":false,"footnotes":""},"categories":[1],"tags":[],"class_list":["post-8789","post","type-post","status-publish","format-standard","has-post-thumbnail","hentry","category-destaque"],"jetpack_sharing_enabled":true,"jetpack_featured_media_url":"","_links":{"self":[{"href":"https:\/\/www.oparanews.com.br\/index.php\/wp-json\/wp\/v2\/posts\/8789","targetHints":{"allow":["GET"]}}],"collection":[{"href":"https:\/\/www.oparanews.com.br\/index.php\/wp-json\/wp\/v2\/posts"}],"about":[{"href":"https:\/\/www.oparanews.com.br\/index.php\/wp-json\/wp\/v2\/types\/post"}],"author":[{"embeddable":true,"href":"https:\/\/www.oparanews.com.br\/index.php\/wp-json\/wp\/v2\/users\/1"}],"replies":[{"embeddable":true,"href":"https:\/\/www.oparanews.com.br\/index.php\/wp-json\/wp\/v2\/comments?post=8789"}],"version-history":[{"count":0,"href":"https:\/\/www.oparanews.com.br\/index.php\/wp-json\/wp\/v2\/posts\/8789\/revisions"}],"wp:attachment":[{"href":"https:\/\/www.oparanews.com.br\/index.php\/wp-json\/wp\/v2\/media?parent=8789"}],"wp:term":[{"taxonomy":"category","embeddable":true,"href":"https:\/\/www.oparanews.com.br\/index.php\/wp-json\/wp\/v2\/categories?post=8789"},{"taxonomy":"post_tag","embeddable":true,"href":"https:\/\/www.oparanews.com.br\/index.php\/wp-json\/wp\/v2\/tags?post=8789"}],"curies":[{"name":"wp","href":"https:\/\/api.w.org\/{rel}","templated":true}]}}