{"id":8791,"date":"2020-08-16T21:50:49","date_gmt":"2020-08-16T21:50:49","guid":{"rendered":"https:\/\/oparanews.com.br\/?p=8791"},"modified":"2020-08-16T21:50:49","modified_gmt":"2020-08-16T21:50:49","slug":"pre-candidatos-ja-podem-fazer-propaganda-intrapartidaria","status":"publish","type":"post","link":"https:\/\/www.oparanews.com.br\/index.php\/2020\/08\/16\/pre-candidatos-ja-podem-fazer-propaganda-intrapartidaria\/","title":{"rendered":"Pr\u00e9-candidatos j\u00e1 podem fazer propaganda intrapartid\u00e1ria"},"content":{"rendered":"<p>Os pr\u00e9-candidatos aos cargos de prefeito e de vereador que pretendam concorrer nas Elei\u00e7\u00f5es Municipais de 2020 poder\u00e3o, a partir deste domingo (16), fazer propaganda interna em seus respectivos partidos pol\u00edticos. S\u00f3 em Macei\u00f3, 13 pr\u00e9-candidatos j\u00e1 sinalizaram que v\u00e3o disputar a prefeitura da capital na sucess\u00e3o de Rui Palmeira (sem partido), no cargo h\u00e1 oito anos.<\/p>\n<p>Os nomes que j\u00e1 se lan\u00e7aram em pr\u00e9-campanha s\u00e3o: Alfredo Gaspar (MDB), Jo\u00e3o Henrique Caldas (PSB), Ronaldo Lessa (PDT), Davi Filho (PDT), Corintho Campelo (PMN), Ricardo Santa Rita (Avante), C\u00edcero Filho (PCdoB), C\u00edcero Almeida (DC), Josan Leite (Patriota), Lenilda Luna (UP), Ricardo Barbosa (PT), Basile Christopoulos (PSOL) e Fl\u00e1vio Moreno (PSL).<\/p>\n<p>A publicidade interna no partido tem a finalidade exclusiva de apresent\u00e1-los aos dirigentes das siglas, que escolher\u00e3o os candidatos do pleito de novembro em conven\u00e7\u00f5es partid\u00e1rias. Com a promulga\u00e7\u00e3o da Emenda Constitucional n\u00ba 107\/2020, que adiou a data da vota\u00e7\u00e3o em fun\u00e7\u00e3o da pandemia de Covid-19, as reuni\u00f5es para indica\u00e7\u00e3o dos candidatos dever\u00e3o ocorrer de 31 de agosto a 16 de setembro.<\/p>\n<p>A Resolu\u00e7\u00e3o TSE n\u00ba 23.610\/2019, que regulamenta a propaganda eleitoral nas Elei\u00e7\u00f5es Municipais de 2020, determina que a propaganda eleitoral intrapartid\u00e1ria pode exibir, por exemplo, faixas e cartazes pr\u00f3ximos ao local da conven\u00e7\u00e3o e no dia da realiza\u00e7\u00e3o do evento. O uso de r\u00e1dio, televis\u00e3o e outdoor, entretanto, \u00e9 terminantemente vedado, podendo caracterizar propaganda eleitoral antecipada.<\/p>\n<p>&nbsp;<\/p>\n<p><strong>Fonte: Gazetaweb<\/strong><\/p>\n<p>&nbsp;<\/p>\n","protected":false},"excerpt":{"rendered":"<p>Os pr\u00e9-candidatos aos cargos de prefeito e de vereador que pretendam concorrer nas Elei\u00e7\u00f5es Municipais de 2020 poder\u00e3o, a partir deste domingo (16), fazer propaganda interna em seus respectivos partidos pol\u00edticos. S\u00f3 em Macei\u00f3, 13 pr\u00e9-candidatos j\u00e1 sinalizaram que v\u00e3o disputar a prefeitura da capital na sucess\u00e3o de Rui Palmeira (sem partido), no cargo h\u00e1 &hellip;<\/p>\n","protected":false},"author":1,"featured_media":8792,"comment_status":"open","ping_status":"open","sticky":false,"template":"","format":"standard","meta":{"_jetpack_newsletter_access":"","_jetpack_dont_email_post_to_subs":false,"_jetpack_newsletter_tier_id":0,"_jetpack_memberships_contains_paywalled_content":false,"_jetpack_memberships_contains_paid_content":false,"footnotes":""},"categories":[1],"tags":[],"class_list":["post-8791","post","type-post","status-publish","format-standard","has-post-thumbnail","hentry","category-destaque"],"jetpack_sharing_enabled":true,"jetpack_featured_media_url":"","_links":{"self":[{"href":"https:\/\/www.oparanews.com.br\/index.php\/wp-json\/wp\/v2\/posts\/8791","targetHints":{"allow":["GET"]}}],"collection":[{"href":"https:\/\/www.oparanews.com.br\/index.php\/wp-json\/wp\/v2\/posts"}],"about":[{"href":"https:\/\/www.oparanews.com.br\/index.php\/wp-json\/wp\/v2\/types\/post"}],"author":[{"embeddable":true,"href":"https:\/\/www.oparanews.com.br\/index.php\/wp-json\/wp\/v2\/users\/1"}],"replies":[{"embeddable":true,"href":"https:\/\/www.oparanews.com.br\/index.php\/wp-json\/wp\/v2\/comments?post=8791"}],"version-history":[{"count":0,"href":"https:\/\/www.oparanews.com.br\/index.php\/wp-json\/wp\/v2\/posts\/8791\/revisions"}],"wp:attachment":[{"href":"https:\/\/www.oparanews.com.br\/index.php\/wp-json\/wp\/v2\/media?parent=8791"}],"wp:term":[{"taxonomy":"category","embeddable":true,"href":"https:\/\/www.oparanews.com.br\/index.php\/wp-json\/wp\/v2\/categories?post=8791"},{"taxonomy":"post_tag","embeddable":true,"href":"https:\/\/www.oparanews.com.br\/index.php\/wp-json\/wp\/v2\/tags?post=8791"}],"curies":[{"name":"wp","href":"https:\/\/api.w.org\/{rel}","templated":true}]}}