{"id":8797,"date":"2020-08-17T19:37:05","date_gmt":"2020-08-17T19:37:05","guid":{"rendered":"https:\/\/oparanews.com.br\/?p=8797"},"modified":"2020-08-17T19:37:05","modified_gmt":"2020-08-17T19:37:05","slug":"apresentador-filipe-toledo-da-tv-gazeta-sofre-infarto-e-e-internado","status":"publish","type":"post","link":"https:\/\/www.oparanews.com.br\/index.php\/2020\/08\/17\/apresentador-filipe-toledo-da-tv-gazeta-sofre-infarto-e-e-internado\/","title":{"rendered":"Apresentador Filipe Toledo, da TV Gazeta, sofre infarto e \u00e9 internado"},"content":{"rendered":"<p>O apresentador do ALTV 2\u00aa Edi\u00e7\u00e3o, Filipe Toledo, sofreu um infarto na madrugada de domingo (17). Ele foi internado em um hospital particular de Macei\u00f3 e precisou ser submetido a um cateterismo card\u00edaco. Os m\u00e9dicos avaliaram o procedimento como bem sucedido.<\/p>\n<p>Filipe tem 40 anos e tamb\u00e9m \u00e9 chefe de reda\u00e7\u00e3o da TV Gazeta de Alagoas, afiliada da Rede Globo no estado. Ele foi um dos apresentadores que se revezaram na apresenta\u00e7\u00e3o do Jornal Nacional em comemora\u00e7\u00e3o aos 50 anos do telejornal, em 2019.<\/p>\n<p>Ele estava em casa quando sentiu dores e, ao chegar ao hospital, foi submetido a exames onde os m\u00e9dicos constataram uma obstru\u00e7\u00e3o da art\u00e9ria coron\u00e1ria.<\/p>\n<p>O apresentador segue internado e, segundo a fam\u00edlia, est\u00e1 se recuperando bem, sem dores e sem intercorr\u00eancias. Ele deve continuar em observa\u00e7\u00e3o no Centro de Tratamento Intensivo (CTI) por pelos menos 48 horas, procedimento considerado comum nesses casos.<\/p>\n<p>Ainda segundo informa\u00e7\u00f5es da fam\u00edlia, a expectativa \u00e9 de que, em breve, ele deixe o CTI e seja encaminhado para o quarto do hospital. Ele deve passar por mais exames nesta segunda-feira (18).<\/p>\n<p>Por meio de nota, a TV Gazeta de Alagoas informa que &#8220;agradece, junto com a fam\u00edlia, as ora\u00e7\u00f5es pela sa\u00fade do Filipe e deseja uma boa recupera\u00e7\u00e3o&#8221;.<\/p>\n<p>&nbsp;<\/p>\n<p><strong>Fonte: G1\/AL<\/strong><\/p>\n<p>&nbsp;<\/p>\n","protected":false},"excerpt":{"rendered":"<p>O apresentador do ALTV 2\u00aa Edi\u00e7\u00e3o, Filipe Toledo, sofreu um infarto na madrugada de domingo (17). Ele foi internado em um hospital particular de Macei\u00f3 e precisou ser submetido a um cateterismo card\u00edaco. Os m\u00e9dicos avaliaram o procedimento como bem sucedido. Filipe tem 40 anos e tamb\u00e9m \u00e9 chefe de reda\u00e7\u00e3o da TV Gazeta de &hellip;<\/p>\n","protected":false},"author":1,"featured_media":8798,"comment_status":"open","ping_status":"open","sticky":false,"template":"","format":"standard","meta":{"_jetpack_newsletter_access":"","_jetpack_dont_email_post_to_subs":false,"_jetpack_newsletter_tier_id":0,"_jetpack_memberships_contains_paywalled_content":false,"_jetpack_memberships_contains_paid_content":false,"footnotes":""},"categories":[1],"tags":[],"class_list":["post-8797","post","type-post","status-publish","format-standard","has-post-thumbnail","hentry","category-destaque"],"jetpack_sharing_enabled":true,"jetpack_featured_media_url":"","_links":{"self":[{"href":"https:\/\/www.oparanews.com.br\/index.php\/wp-json\/wp\/v2\/posts\/8797","targetHints":{"allow":["GET"]}}],"collection":[{"href":"https:\/\/www.oparanews.com.br\/index.php\/wp-json\/wp\/v2\/posts"}],"about":[{"href":"https:\/\/www.oparanews.com.br\/index.php\/wp-json\/wp\/v2\/types\/post"}],"author":[{"embeddable":true,"href":"https:\/\/www.oparanews.com.br\/index.php\/wp-json\/wp\/v2\/users\/1"}],"replies":[{"embeddable":true,"href":"https:\/\/www.oparanews.com.br\/index.php\/wp-json\/wp\/v2\/comments?post=8797"}],"version-history":[{"count":0,"href":"https:\/\/www.oparanews.com.br\/index.php\/wp-json\/wp\/v2\/posts\/8797\/revisions"}],"wp:attachment":[{"href":"https:\/\/www.oparanews.com.br\/index.php\/wp-json\/wp\/v2\/media?parent=8797"}],"wp:term":[{"taxonomy":"category","embeddable":true,"href":"https:\/\/www.oparanews.com.br\/index.php\/wp-json\/wp\/v2\/categories?post=8797"},{"taxonomy":"post_tag","embeddable":true,"href":"https:\/\/www.oparanews.com.br\/index.php\/wp-json\/wp\/v2\/tags?post=8797"}],"curies":[{"name":"wp","href":"https:\/\/api.w.org\/{rel}","templated":true}]}}