{"id":8800,"date":"2020-08-17T19:45:26","date_gmt":"2020-08-17T19:45:26","guid":{"rendered":"https:\/\/oparanews.com.br\/?p=8800"},"modified":"2020-08-17T19:45:26","modified_gmt":"2020-08-17T19:45:26","slug":"alagoas-tem-mais-204-casos-confirmados-e-dez-mortes-por-covid-19","status":"publish","type":"post","link":"https:\/\/www.oparanews.com.br\/index.php\/2020\/08\/17\/alagoas-tem-mais-204-casos-confirmados-e-dez-mortes-por-covid-19\/","title":{"rendered":"Alagoas tem mais 204 casos confirmados e dez mortes por Covid-19"},"content":{"rendered":"<p>Alagoas teve mais 204 casos confirmados de Covid-19 e dez mortes nas \u00faltimas 24 horas, conforme boletim epidemiol\u00f3gico divulgado pela Secretaria de Estado da Sa\u00fade (Sesau) nesta segunda-feira (17).<\/p>\n<p>Dessa forma, o estado tem um total de 72.938 casos confirmados do novo coronav\u00edrus at\u00e9 o momento, dos quais 4.209 est\u00e3o em isolamento domiciliar e 166 internados em leitos p\u00fablicos e privados. Outros 66.798 pacientes j\u00e1 finalizaram o per\u00edodo de isolamento, n\u00e3o apresentam mais sintomas e, portanto, est\u00e3o recuperados da doen\u00e7a. H\u00e1 1.025 casos em investiga\u00e7\u00e3o laboratorial. Foram registradas mais 10 mortes em territ\u00f3rio alagoano. Com isso, Alagoas contabiliza 1.763 \u00f3bitos por Covid-19.<\/p>\n<p>Mais 10 mortes foram confirmadas, laboratorialmente, por causa do novo coronav\u00edrus. Tr\u00eas v\u00edtimas eram residentes em Macei\u00f3, sendo um homem e duas mulheres. O homem de 48 anos tinha doen\u00e7a respirat\u00f3ria cr\u00f4nica e faleceu no Hospital Unimed; a mulher de 31 anos era obesa e faleceu na Santa Casa Macei\u00f3; e a mulher de 76 anos n\u00e3o tinha registro de comorbidades e faleceu na UPA Trapiche.<\/p>\n<p>A Covid-19 vitimou mais sete pessoas que moravam no interior do Estado, sendo quatro mulheres e tr\u00eas homens. A mulher de 56 anos, de Girau do Ponciano, n\u00e3o tinha registro de comorbidades e faleceu na unidade de emerg\u00eancia; a v\u00edtima de 90 anos, de Flexeiras, n\u00e3o tinha registro de comorbidades e faleceu no Hospital da Mulher; a mulher de 86 anos, de Dois Riachos, n\u00e3o tinha registro de comorbidades e faleceu no Hospital Regional de Santana do Ipanema; e a v\u00edtima de 75 anos, de Arapiraca, era diab\u00e9tica e faleceu no Hospital Daniel Houly.<\/p>\n<p>Em rela\u00e7\u00e3o aos \u00f3bitos do sexo masculino, o homem de 51 anos, de Palmeira dos \u00cdndios, era diab\u00e9tico e faleceu no Hospital Daniel Houly; o homem de 68 anos, de Santana do Ipanema, era hipertenso e faleceu no Hospital MedRadius; e o homem 76 anos, de Branquinha, n\u00e3o tinha registro de comorbidades e faleceu no Hospital Metropolitano.<\/p>\n<p>Do total de casos confirmados da doen\u00e7a, 24.909 eram de pessoas que residem em Macei\u00f3, 191 de pessoas que eram naturais dos estados de Pernambuco, Tocantins, Par\u00e1, Rio Grande do Norte, Rio Grande do Sul, Distrito Federal, Para\u00edba, Rio de Janeiro, S\u00e3o Paulo, Bahia, Santa Catarina, Maranh\u00e3o, Minas Gerais, Paran\u00e1, Cear\u00e1, Esp\u00edrito Santo e Sergipe e as demais que moram no interior de Alagoas.<\/p>\n<p><strong>\u00d3bitos<\/strong><\/p>\n<p>At\u00e9 hoje foram confirmados 1.763 \u00f3bitos por Covid-19 em territ\u00f3rio alagoano, mas, oito deles, eram de pessoas residentes em Pernambuco, S\u00e3o Paulo, Santa Catarina e Bahia, tendo como v\u00edtimas seis homens e duas mulheres.<\/p>\n<p>Dos 1.755 residentes em Alagoas, 993 eram do sexo masculino e 762 do sexo feminino. Eram 803 pessoas que residiam em Macei\u00f3 e as outras 952 moravam em cidades do interior de Alagoas.<\/p>\n<p><strong>Leitos de Covid-19 do Estado<\/strong><\/p>\n<p>Dos 1.326 leitos criados pela Secretaria de Estado da Sa\u00fade (Sesau) para atender, exclusivamente, pacientes com suspeita e confirma\u00e7\u00e3o de infec\u00e7\u00e3o pelo novo coronav\u00edrus, 337 estavam ocupados at\u00e9 17h de domingo (16\/08), o que corresponde a 25% do total. Atualmente, 136 pacientes est\u00e3o em leitos de UTI, 05 em leitos intermedi\u00e1rios e 196 em enfermaria.<\/p>\n<p>&nbsp;<\/p>\n<p><strong>com assessoria<\/strong><\/p>\n<p>&nbsp;<\/p>\n","protected":false},"excerpt":{"rendered":"<p>Alagoas teve mais 204 casos confirmados de Covid-19 e dez mortes nas \u00faltimas 24 horas, conforme boletim epidemiol\u00f3gico divulgado pela Secretaria de Estado da Sa\u00fade (Sesau) nesta segunda-feira (17). Dessa forma, o estado tem um total de 72.938 casos confirmados do novo coronav\u00edrus at\u00e9 o momento, dos quais 4.209 est\u00e3o em isolamento domiciliar e 166 &hellip;<\/p>\n","protected":false},"author":1,"featured_media":7135,"comment_status":"open","ping_status":"open","sticky":false,"template":"","format":"standard","meta":{"_jetpack_newsletter_access":"","_jetpack_dont_email_post_to_subs":false,"_jetpack_newsletter_tier_id":0,"_jetpack_memberships_contains_paywalled_content":false,"_jetpack_memberships_contains_paid_content":false,"footnotes":""},"categories":[1],"tags":[],"class_list":["post-8800","post","type-post","status-publish","format-standard","has-post-thumbnail","hentry","category-destaque"],"jetpack_sharing_enabled":true,"jetpack_featured_media_url":"","_links":{"self":[{"href":"https:\/\/www.oparanews.com.br\/index.php\/wp-json\/wp\/v2\/posts\/8800","targetHints":{"allow":["GET"]}}],"collection":[{"href":"https:\/\/www.oparanews.com.br\/index.php\/wp-json\/wp\/v2\/posts"}],"about":[{"href":"https:\/\/www.oparanews.com.br\/index.php\/wp-json\/wp\/v2\/types\/post"}],"author":[{"embeddable":true,"href":"https:\/\/www.oparanews.com.br\/index.php\/wp-json\/wp\/v2\/users\/1"}],"replies":[{"embeddable":true,"href":"https:\/\/www.oparanews.com.br\/index.php\/wp-json\/wp\/v2\/comments?post=8800"}],"version-history":[{"count":0,"href":"https:\/\/www.oparanews.com.br\/index.php\/wp-json\/wp\/v2\/posts\/8800\/revisions"}],"wp:attachment":[{"href":"https:\/\/www.oparanews.com.br\/index.php\/wp-json\/wp\/v2\/media?parent=8800"}],"wp:term":[{"taxonomy":"category","embeddable":true,"href":"https:\/\/www.oparanews.com.br\/index.php\/wp-json\/wp\/v2\/categories?post=8800"},{"taxonomy":"post_tag","embeddable":true,"href":"https:\/\/www.oparanews.com.br\/index.php\/wp-json\/wp\/v2\/tags?post=8800"}],"curies":[{"name":"wp","href":"https:\/\/api.w.org\/{rel}","templated":true}]}}