{"id":8802,"date":"2020-08-17T19:55:30","date_gmt":"2020-08-17T19:55:30","guid":{"rendered":"https:\/\/oparanews.com.br\/?p=8802"},"modified":"2020-08-17T19:55:30","modified_gmt":"2020-08-17T19:55:30","slug":"detran-al-promove-leilao-de-369-veiculos-no-proximo-dia-25","status":"publish","type":"post","link":"https:\/\/www.oparanews.com.br\/index.php\/2020\/08\/17\/detran-al-promove-leilao-de-369-veiculos-no-proximo-dia-25\/","title":{"rendered":"Detran\/AL promove leil\u00e3o de 369 ve\u00edculos no pr\u00f3ximo dia 25"},"content":{"rendered":"<p>O Departamento Estadual de Tr\u00e2nsito de Alagoas (Detran\/AL) realizar\u00e1 no pr\u00f3ximo dia 25, \u00e0s 10h, no pr\u00e9dio sede do \u00f3rg\u00e3o, localizado na Av. Menino Marcelo &#8211; 99, o leil\u00e3o de ve\u00edculos recolhidos e n\u00e3o retirados por seus propriet\u00e1rios dentro dos prazos e que ainda possuem condi\u00e7\u00f5es de circula\u00e7\u00e3o. Na ocasi\u00e3o, ser\u00e3o leiloados 369 ve\u00edculos, entre autom\u00f3veis e motocicletas, todos eles apreendidos por infra\u00e7\u00f5es ao C\u00f3digo de Tr\u00e2nsito Brasileiro (CTB).<\/p>\n<p>Al\u00e9m do modo presencial, o leil\u00e3o tamb\u00e9m ir\u00e1 acontecer on-line, de forma simult\u00e2nea, com transmiss\u00e3o ao vivo e participa\u00e7\u00e3o atrav\u00e9s do site www.leiloesfreire.com.br. Poder\u00e1 participar do leil\u00e3o qualquer pessoa, f\u00edsica ou jur\u00eddica, e \u00e9 vedada a participa\u00e7\u00e3o de menores de idade, de servidores do Detran\/AL ou que estejam \u00e0 disposi\u00e7\u00e3o do \u00f3rg\u00e3o de tr\u00e2nsito.<\/p>\n<p>Ainda de acordo com o CTB, o ve\u00edculo apreendido ou removido que n\u00e3o tenha sido reclamado por seu propriet\u00e1rio dentro do prazo de 60 dias, contado da data de recolhimento, ser\u00e1 avaliado e levado a leil\u00e3o. O leil\u00e3o ser\u00e1 realizado de acordo com o protocolo de seguran\u00e7a adotado pelo Governo de Alagoas no combate ao novo coronav\u00edrus.<\/p>\n<p>O chefe de seguran\u00e7a no tr\u00e2nsito do Detran\/AL, Renan Silva, explica que o leil\u00e3o \u00e9 uma oportunidade ben\u00e9fica para todos. \u201cPara o cidad\u00e3o interessado em adquirir um bem, com valor em geral abaixo do de mercado, para os propriet\u00e1rios dos ve\u00edculos leiloados, que ter\u00e3o d\u00e9bitos eliminados de seu registro, para o Estado, que consegue repor parte do custo que tem com a remo\u00e7\u00e3o e cust\u00f3dia de ve\u00edculos e para toda a sociedade, que tem os problemas de ac\u00famulo de ve\u00edculos em determinados espa\u00e7os, com seus respectivos impactos ambientais, reduzido\u201d.<\/p>\n<p>Os ve\u00edculos ser\u00e3o leiloados em lotes, entregues no estado e condi\u00e7\u00f5es em que se encontram e sem garantia, n\u00e3o cabendo ao leiloeiro e ao Detran\/AL a responsabilidade por qualquer problema ou defeito que venha a ser constatado posteriormente ao arremate, seja na constitui\u00e7\u00e3o, composi\u00e7\u00e3o ou funcionamento dos ve\u00edculos arrematados.<\/p>\n<p><strong>PARTICIPA\u00c7\u00c3O<\/strong><\/p>\n<p>Os interessados em participar do leil\u00e3o online dever\u00e3o se cadastrar no portal do leiloeiro, observando as regras ali estabelecidas e aceitando as condi\u00e7\u00f5es de vendas previstas para o certame. O cadastro deve ser feito com, pelo menos, 48 horas de anteced\u00eancia ao in\u00edcio do leil\u00e3o, para an\u00e1lise dos dados do cadastro e confirma\u00e7\u00e3o da participa\u00e7\u00e3o.<\/p>\n<p>Os participantes do leil\u00e3o, na modalidade presencial, ser\u00e3o previamente cadastrados na recep\u00e7\u00e3o de acesso ao Leil\u00e3o, sendo necess\u00e1rio apresentar documento de identifica\u00e7\u00e3o, CPF, comprovante de endere\u00e7o e, quando for o caso, procura\u00e7\u00e3o do representante legal da pessoa jur\u00eddica ou do licitante no caso de pessoa f\u00edsica.<\/p>\n<p><strong>VISITA\u00c7\u00c3O<\/strong><\/p>\n<p>O Detran\/AL informa que os ve\u00edculos a serem leiloados poder\u00e3o ser visitados no p\u00e1tio do leiloeiro oficial, situado na BR 104, Km 93, Tabuleiro do Pinto, Rio Largo &#8211; AL (pr\u00f3ximo ao aeroporto), nos dias 19, 20, 21 e 24 de agosto de 2020, das 8h \u00e0s 12h e de 14h \u00e0s 16h. No site Leil\u00f5es Freire, tamb\u00e9m \u00e9 poss\u00edvel que o interessado tenha acesso a imagens e maiores informa\u00e7\u00f5es sobre os mais de 300 ve\u00edculos.<\/p>\n<p>A vers\u00e3o integral do Edital do leil\u00e3o contendo todas as especifica\u00e7\u00f5es est\u00e1 dispon\u00edvel no endere\u00e7o eletr\u00f4nico: https:\/\/www.detran.al.gov.br\/licitacoes\/. Em caso de d\u00favidas ou mais informa\u00e7\u00f5es os interessados dever\u00e3o entrar em contato atrav\u00e9s dos telefones 99981-6513 ou 98112-7252.<\/p>\n<p>&nbsp;<\/p>\n<p><strong>Fonte: Ag\u00eancia Alagoas<\/strong><\/p>\n<p>&nbsp;<\/p>\n","protected":false},"excerpt":{"rendered":"<p>O Departamento Estadual de Tr\u00e2nsito de Alagoas (Detran\/AL) realizar\u00e1 no pr\u00f3ximo dia 25, \u00e0s 10h, no pr\u00e9dio sede do \u00f3rg\u00e3o, localizado na Av. Menino Marcelo &#8211; 99, o leil\u00e3o de ve\u00edculos recolhidos e n\u00e3o retirados por seus propriet\u00e1rios dentro dos prazos e que ainda possuem condi\u00e7\u00f5es de circula\u00e7\u00e3o. Na ocasi\u00e3o, ser\u00e3o leiloados 369 ve\u00edculos, entre &hellip;<\/p>\n","protected":false},"author":1,"featured_media":8803,"comment_status":"open","ping_status":"open","sticky":false,"template":"","format":"standard","meta":{"_jetpack_newsletter_access":"","_jetpack_dont_email_post_to_subs":false,"_jetpack_newsletter_tier_id":0,"_jetpack_memberships_contains_paywalled_content":false,"_jetpack_memberships_contains_paid_content":false,"footnotes":""},"categories":[1],"tags":[],"class_list":["post-8802","post","type-post","status-publish","format-standard","has-post-thumbnail","hentry","category-destaque"],"jetpack_sharing_enabled":true,"jetpack_featured_media_url":"","_links":{"self":[{"href":"https:\/\/www.oparanews.com.br\/index.php\/wp-json\/wp\/v2\/posts\/8802","targetHints":{"allow":["GET"]}}],"collection":[{"href":"https:\/\/www.oparanews.com.br\/index.php\/wp-json\/wp\/v2\/posts"}],"about":[{"href":"https:\/\/www.oparanews.com.br\/index.php\/wp-json\/wp\/v2\/types\/post"}],"author":[{"embeddable":true,"href":"https:\/\/www.oparanews.com.br\/index.php\/wp-json\/wp\/v2\/users\/1"}],"replies":[{"embeddable":true,"href":"https:\/\/www.oparanews.com.br\/index.php\/wp-json\/wp\/v2\/comments?post=8802"}],"version-history":[{"count":0,"href":"https:\/\/www.oparanews.com.br\/index.php\/wp-json\/wp\/v2\/posts\/8802\/revisions"}],"wp:attachment":[{"href":"https:\/\/www.oparanews.com.br\/index.php\/wp-json\/wp\/v2\/media?parent=8802"}],"wp:term":[{"taxonomy":"category","embeddable":true,"href":"https:\/\/www.oparanews.com.br\/index.php\/wp-json\/wp\/v2\/categories?post=8802"},{"taxonomy":"post_tag","embeddable":true,"href":"https:\/\/www.oparanews.com.br\/index.php\/wp-json\/wp\/v2\/tags?post=8802"}],"curies":[{"name":"wp","href":"https:\/\/api.w.org\/{rel}","templated":true}]}}