{"id":8805,"date":"2020-08-17T19:59:48","date_gmt":"2020-08-17T19:59:48","guid":{"rendered":"https:\/\/oparanews.com.br\/?p=8805"},"modified":"2020-08-17T19:59:48","modified_gmt":"2020-08-17T19:59:48","slug":"933-pessoas-ja-se-recuperaram-de-covid-19-em-penedo","status":"publish","type":"post","link":"https:\/\/www.oparanews.com.br\/index.php\/2020\/08\/17\/933-pessoas-ja-se-recuperaram-de-covid-19-em-penedo\/","title":{"rendered":"933 pessoas j\u00e1 se recuperaram de Covid-19 em Penedo"},"content":{"rendered":"<p>A Secretaria Municipal de Sa\u00fade (SEMS) divulgou nesse s\u00e1bado (15), uma nova atualiza\u00e7\u00e3o dos dados sobre a pandemia de Covid-19 em Penedo, por meio do Boletim Epidemiol\u00f3gico que trata sobre o tema.<\/p>\n<p>Os dados recentes mostram que 1018 pessoas foram diagnosticadas com a doen\u00e7a em Penedo, desde o in\u00edcio da pandemia. Dessas 933 j\u00e1 se recuperaram e n\u00e3o apresentam mais sintomas de Covid-19.<\/p>\n<p>Os demais dados da SEMS Penedo apontam 56 casos monitorados, tr\u00eas casos suspeitos, 1025 descartados e e 12 \u00f3bitos causados pela doen\u00e7a provocada pelo novo Coronav\u00edrus.<\/p>\n<p>A Prefeitura de Penedo orienta a popula\u00e7\u00e3o a procurar a Unidade de Refer\u00eancia em S\u00edndromes Gripais ao aparecerem os primeiros sintomas.<\/p>\n<p><strong>Localidades<\/strong><\/p>\n<p>O boletim da SEMS Penedo informa ainda o numero de casos da doen\u00e7a por localidade, sendo que, 294 est\u00e3o no bairro Dom Constantino, 196 no Bairro de Santa Luzia e 130 no centro da cidade<\/p>\n<p>Na zona rural, a maioria dos casos confirmados est\u00e3oo localizados nos Povoados Tabuleiros dos Negros e Cooperativa (\u00e1rea que contempla os dois n\u00facleos) com 37 e 31 casos, respectivamente.<\/p>\n<p>O total de casos de contamina\u00e7\u00e3o de Covid-19 em Penedo, por localidade, seguem a seguinte rela\u00e7\u00e3o:<\/p>\n<p><strong>Zona Urbana<\/strong><\/p>\n<p>294 Bairro Dom Constantino<\/p>\n<p>130 Centro<\/p>\n<p>79 Bairro Senhor do Bonfim<\/p>\n<p>107 Bairro Raimundo Marinho<\/p>\n<p>63 Bairro Santo Ant\u00f4nio<\/p>\n<p>196 Bairro Santa Luzia<\/p>\n<p>29 Bairro Santa Izabel<\/p>\n<p>10 Bairro Santa Cec\u00edlia<\/p>\n<p><strong>Zona Rural<\/strong><\/p>\n<p>31 Povoado Cooperativa<\/p>\n<p>24 Povoado Palmeira Alta<\/p>\n<p>37 Povoado Tabuleiro dos Negros<\/p>\n<p>08 Povoado Capela<\/p>\n<p>09 Povoado Santa Margarida<\/p>\n<p>01 Povoado Ponta Mofina<\/p>\n<p>&nbsp;<\/p>\n<p><strong>por Thiago Sobral- Jornalista Decom (PMP)<\/strong><\/p>\n<p>&nbsp;<\/p>\n","protected":false},"excerpt":{"rendered":"<p>A Secretaria Municipal de Sa\u00fade (SEMS) divulgou nesse s\u00e1bado (15), uma nova atualiza\u00e7\u00e3o dos dados sobre a pandemia de Covid-19 em Penedo, por meio do Boletim Epidemiol\u00f3gico que trata sobre o tema. Os dados recentes mostram que 1018 pessoas foram diagnosticadas com a doen\u00e7a em Penedo, desde o in\u00edcio da pandemia. Dessas 933 j\u00e1 se &hellip;<\/p>\n","protected":false},"author":1,"featured_media":5363,"comment_status":"open","ping_status":"open","sticky":false,"template":"","format":"standard","meta":{"_jetpack_newsletter_access":"","_jetpack_dont_email_post_to_subs":false,"_jetpack_newsletter_tier_id":0,"_jetpack_memberships_contains_paywalled_content":false,"_jetpack_memberships_contains_paid_content":false,"footnotes":""},"categories":[1],"tags":[],"class_list":["post-8805","post","type-post","status-publish","format-standard","has-post-thumbnail","hentry","category-destaque"],"jetpack_sharing_enabled":true,"jetpack_featured_media_url":"","_links":{"self":[{"href":"https:\/\/www.oparanews.com.br\/index.php\/wp-json\/wp\/v2\/posts\/8805","targetHints":{"allow":["GET"]}}],"collection":[{"href":"https:\/\/www.oparanews.com.br\/index.php\/wp-json\/wp\/v2\/posts"}],"about":[{"href":"https:\/\/www.oparanews.com.br\/index.php\/wp-json\/wp\/v2\/types\/post"}],"author":[{"embeddable":true,"href":"https:\/\/www.oparanews.com.br\/index.php\/wp-json\/wp\/v2\/users\/1"}],"replies":[{"embeddable":true,"href":"https:\/\/www.oparanews.com.br\/index.php\/wp-json\/wp\/v2\/comments?post=8805"}],"version-history":[{"count":0,"href":"https:\/\/www.oparanews.com.br\/index.php\/wp-json\/wp\/v2\/posts\/8805\/revisions"}],"wp:attachment":[{"href":"https:\/\/www.oparanews.com.br\/index.php\/wp-json\/wp\/v2\/media?parent=8805"}],"wp:term":[{"taxonomy":"category","embeddable":true,"href":"https:\/\/www.oparanews.com.br\/index.php\/wp-json\/wp\/v2\/categories?post=8805"},{"taxonomy":"post_tag","embeddable":true,"href":"https:\/\/www.oparanews.com.br\/index.php\/wp-json\/wp\/v2\/tags?post=8805"}],"curies":[{"name":"wp","href":"https:\/\/api.w.org\/{rel}","templated":true}]}}