{"id":8807,"date":"2020-08-18T13:08:58","date_gmt":"2020-08-18T13:08:58","guid":{"rendered":"https:\/\/oparanews.com.br\/?p=8807"},"modified":"2020-08-18T13:08:58","modified_gmt":"2020-08-18T13:08:58","slug":"funcionarios-dos-correios-em-al-entram-em-greve-por-tempo-indeterminado","status":"publish","type":"post","link":"https:\/\/www.oparanews.com.br\/index.php\/2020\/08\/18\/funcionarios-dos-correios-em-al-entram-em-greve-por-tempo-indeterminado\/","title":{"rendered":"Funcion\u00e1rios dos Correios em AL entram em greve por tempo indeterminado"},"content":{"rendered":"<p>Os funcion\u00e1rios dos Correios em Alagoas entraram em greve por tempo indeterminado a partir desta ter\u00e7a-feira (18). A informa\u00e7\u00e3o foi confirmada pelo Sindicato dos Trabalhadores da Empresa Correios e Tel\u00e9grafos em Alagoas (Sintect-AL).<\/p>\n<p>Com a paralisa\u00e7\u00e3o, ficam prejudicados os servi\u00e7os de entregas, postagem e servi\u00e7os banc\u00e1rios.<\/p>\n<p>Segundo o presidente do sindicato Alysson Guerreiros, a categoria cobra a manuten\u00e7\u00e3o do acordo coletivo firmado no ano passado.<\/p>\n<p>&#8220;N\u00e3o estamos pedindo aumento no sal\u00e1rio, mas a manuten\u00e7\u00e3o dos nossos direitos que foram retirados. N\u00f3s trabalhamos durante a pandemia sem parar, estamos na linha de frente e queremos nossa valoriza\u00e7\u00e3o&#8221;, disse.<\/p>\n<p>&nbsp;<\/p>\n<p><strong>Fonte: G1\/AL<\/strong><\/p>\n<p>&nbsp;<\/p>\n","protected":false},"excerpt":{"rendered":"<p>Os funcion\u00e1rios dos Correios em Alagoas entraram em greve por tempo indeterminado a partir desta ter\u00e7a-feira (18). A informa\u00e7\u00e3o foi confirmada pelo Sindicato dos Trabalhadores da Empresa Correios e Tel\u00e9grafos em Alagoas (Sintect-AL). Com a paralisa\u00e7\u00e3o, ficam prejudicados os servi\u00e7os de entregas, postagem e servi\u00e7os banc\u00e1rios. Segundo o presidente do sindicato Alysson Guerreiros, a categoria &hellip;<\/p>\n","protected":false},"author":1,"featured_media":8808,"comment_status":"open","ping_status":"open","sticky":false,"template":"","format":"standard","meta":{"_jetpack_newsletter_access":"","_jetpack_dont_email_post_to_subs":false,"_jetpack_newsletter_tier_id":0,"_jetpack_memberships_contains_paywalled_content":false,"_jetpack_memberships_contains_paid_content":false,"footnotes":""},"categories":[1],"tags":[],"class_list":["post-8807","post","type-post","status-publish","format-standard","has-post-thumbnail","hentry","category-destaque"],"jetpack_sharing_enabled":true,"jetpack_featured_media_url":"","_links":{"self":[{"href":"https:\/\/www.oparanews.com.br\/index.php\/wp-json\/wp\/v2\/posts\/8807","targetHints":{"allow":["GET"]}}],"collection":[{"href":"https:\/\/www.oparanews.com.br\/index.php\/wp-json\/wp\/v2\/posts"}],"about":[{"href":"https:\/\/www.oparanews.com.br\/index.php\/wp-json\/wp\/v2\/types\/post"}],"author":[{"embeddable":true,"href":"https:\/\/www.oparanews.com.br\/index.php\/wp-json\/wp\/v2\/users\/1"}],"replies":[{"embeddable":true,"href":"https:\/\/www.oparanews.com.br\/index.php\/wp-json\/wp\/v2\/comments?post=8807"}],"version-history":[{"count":0,"href":"https:\/\/www.oparanews.com.br\/index.php\/wp-json\/wp\/v2\/posts\/8807\/revisions"}],"wp:attachment":[{"href":"https:\/\/www.oparanews.com.br\/index.php\/wp-json\/wp\/v2\/media?parent=8807"}],"wp:term":[{"taxonomy":"category","embeddable":true,"href":"https:\/\/www.oparanews.com.br\/index.php\/wp-json\/wp\/v2\/categories?post=8807"},{"taxonomy":"post_tag","embeddable":true,"href":"https:\/\/www.oparanews.com.br\/index.php\/wp-json\/wp\/v2\/tags?post=8807"}],"curies":[{"name":"wp","href":"https:\/\/api.w.org\/{rel}","templated":true}]}}