{"id":8825,"date":"2020-08-19T02:05:51","date_gmt":"2020-08-19T02:05:51","guid":{"rendered":"https:\/\/oparanews.com.br\/?p=8825"},"modified":"2020-08-19T02:05:51","modified_gmt":"2020-08-19T02:05:51","slug":"escolas-da-cidade-de-sp-nao-reabrem-em-setembro-diz-covas","status":"publish","type":"post","link":"https:\/\/www.oparanews.com.br\/index.php\/2020\/08\/19\/escolas-da-cidade-de-sp-nao-reabrem-em-setembro-diz-covas\/","title":{"rendered":"Escolas da cidade de SP n\u00e3o reabrem em setembro, diz Covas"},"content":{"rendered":"<p>O inqu\u00e9rito sorol\u00f3gico realizado pela Prefeitura de S\u00e3o Paulo com 6 mil estudantes entre 4 e 14 anos da rede municipal apontou que 16,1% t\u00eam anticorpos para o novo coronav\u00edrus. Do total, 64 4% s\u00e3o assintom\u00e1ticos para a covid-19, dado que preocupa a gest\u00e3o pela possibilidade de dissemina\u00e7\u00e3o.<\/p>\n<p>O levantamento motivou o prefeito Bruno Covas (PSDB) a descartar um retorno em setembro em todas as redes de ensino, mesmo com libera\u00e7\u00e3o do governo estadual, por identificar as crian\u00e7as e adolescentes sem sintomas como potenciais disseminadores da doen\u00e7a. A volta \u00e0s aulas em outubro ainda ser\u00e1 avaliada a partir de dados de outros tr\u00eas inqu\u00e9ritos, que incluir\u00e3o tamb\u00e9m alunos de institui\u00e7\u00f5es privadas e estaduais e informa\u00e7\u00f5es de contamina\u00e7\u00e3o dentro das mesmas fam\u00edlias.<\/p>\n<p>&#8220;O retorno \u00e0s aulas dessas crian\u00e7as seria temer\u00e1rio em uma momento desses, que estamos controlando a doen\u00e7a em S\u00e3o Paulo&#8221;, disse Covas durante coletiva de imprensa nesta ter\u00e7a-feira, 18. &#8220;Nesse momento, a volta \u00e0s aulas representaria, pelo o que pensa a Secretaria da Sa\u00fade, a Vigil\u00e2ncia Sanit\u00e1ria, um grande vetor de contamina\u00e7\u00e3o, amplia\u00e7\u00e3o e dissemina\u00e7\u00e3o da doen\u00e7a na cidade.&#8221;<\/p>\n<p>Para o prefeito, medidas para evitar a contamina\u00e7\u00e3o s\u00e3o mais dif\u00edceis de terem sucesso no ambiente escolar. &#8220;\u00c9 muito mais complicado manter o distanciamento dentro da sala de aula, da escola, do que em bares, restaurantes, supermercados, lojas, estabelecimentos j\u00e1 autorizados para o retorno.&#8221;<\/p>\n<p>Outro dado que preocupa a Prefeitura \u00e9 a estimativa que 25,9% dos alunos da rede municipal moram com pessoas acima dos 60 anos grupo de risco da covid-19. &#8220;Estamos falando de 250 mil crian\u00e7as que moram muito provavelmente com av\u00f4s, av\u00f3s, tios e tias com mais de 60 anos e, portanto, podem agravar dissemina\u00e7\u00e3o da doen\u00e7a nessa faixa et\u00e1ria da popula\u00e7\u00e3o, que \u00e9 a que tem o risco de maior vulnerabilidade&#8221;, ressaltou Covas. &#8220;Retomar as aulas nesse momento, para a Prefeitura de S\u00e3o Paulo, significaria a amplia\u00e7\u00e3o do n\u00famero de casos, a amplia\u00e7\u00e3o &#8211; em consequ\u00eancia &#8211; do n\u00famero de interna\u00e7\u00f5es e do n\u00famero de \u00f3bitos.&#8221;<\/p>\n<p>O prefeito exemplificou que seria pouco eficaz fazer medi\u00e7\u00e3o de temperatura na porta das escolas, pois a maioria dos casos s\u00e3o assintom\u00e1ticos. &#8220;N\u00e3o vai apresentar que est\u00e1 febril, n\u00e3o vai mostrar que est\u00e1 com febre, mas vai estar contaminada, \u00e0s vezes com a mesma carga viral de um adulto&#8221;, afirmou. &#8220;Portanto, algumas medidas de restri\u00e7\u00e3o n\u00e3o ser\u00e3o aplic\u00e1veis, j\u00e1 que dois ter\u00e7os \u00e9 de assintom\u00e1ticos, um n\u00famero maior do que mostra o inqu\u00e9rito sorol\u00f3gico da popula\u00e7\u00e3o como um todo (de 42,5% em pessoas com 18 anos ou mais).&#8221;<\/p>\n<p>O inqu\u00e9rito colheu amostras de sangue venoso (com extra\u00e7\u00e3o de soro) de 2 mil alunos do ensino infantil, 2 mil do ensino fundamental I e outros 2 mil do ensino fundamental II, todos escolhidos de forma aleat\u00f3ria. O procedimento ocorreu entre 6 e 10 de agosto. Ao todo, a rede municipal tem 675.922 matriculados entre 4 e 14 anos.<\/p>\n<p>Pela margem de erro, a preval\u00eancia varia entre 14,7% e 17,5%. Na divis\u00e3o por etapas de ensino, houve pequena varia\u00e7\u00e3o: 16,5% entre alunos de 4 e 5 anos, 16,2% entre aqueles de 6 a 10 anos e 15,4% para os de 11 a 14 anos. &#8220;Os pais sa\u00edram para trabalhar, voltam do trabalho, passam a contamina\u00e7\u00e3o para as crian\u00e7as, que s\u00e3o assintom\u00e1ticas e colocam em risco os idosos com quem convivem nas casas&#8221;, apontou o secret\u00e1rio municipal da Sa\u00fade, Edson Aparecido.<\/p>\n<p>Como apontado nos inqu\u00e9ritos com adultos, a doen\u00e7a atingiu mais alunos pretos e pardos (17,8%) do que brancos (13,7%). Do total de crian\u00e7as e adolescentes ouvidos, 74,1% fizeram distanciamento total, enquanto 24,1% praticaram parcialmente e 1,8% n\u00e3o realizou. Al\u00e9m disso, 76,7% utilizam &#8220;sempre&#8221; m\u00e1scaras em local p\u00fablico, 14,1% usam &#8220;a maioria das vezes&#8221;, 5,7% usam &#8220;de vez em quando&#8221;, 1,5% n\u00e3o utiliza e 2,1% n\u00e3o frequenta espa\u00e7o p\u00fablico.<\/p>\n<p>&#8220;Esses dois dados s\u00e3o muito importantes porque mostram que, mesmo com a ades\u00e3o ao distanciamento e a ades\u00e3o ao uso das m\u00e1scaras, n\u00f3s tivemos um contingente bastante expressivo de crian\u00e7as que tiveram o v\u00edrus e se mostraram assintom\u00e1ticas&#8221;, destacou o secret\u00e1rio.<\/p>\n<p>Esse foi o quinto inqu\u00e9rito sorol\u00f3gico divulgado pela gest\u00e3o municipal. Os demais foram focados na popula\u00e7\u00e3o adulta. O \u00faltimo divulgado em 13 de agosto, apontou que 10,9% da popula\u00e7\u00e3o maior de 18 anos tinha anticorpos para o novo coronav\u00edrus.<\/p>\n<p>Governo de SP permite reabertura em setembro, mas decis\u00e3o \u00e9 das prefeituras<\/p>\n<p>A reabertura de escolas est\u00e1 permitida pelo governo estadual para a partir de 8 de setembro nas regi\u00f5es que est\u00e3o em fase amarela h\u00e1 mais de 28 dias, caso da cidade de S\u00e3o Paulo. Durante o an\u00fancio da medida, o governador Jo\u00e3o Doria (PSDB) chegou a ressaltar que o retorno \u00e9 opcional e decidido pelas prefeituras.<\/p>\n<p>A retomada em setembro \u00e9 focada em atividades de acolhimento, recupera\u00e7\u00e3o, atividades f\u00edsicas, tutoria e aulas em laborat\u00f3rio, enquanto a data oficial de retorno \u00e9 7 de outubro. O funcionamento est\u00e1 condicionado ao cumprimento de protocolos sanit\u00e1rios.<\/p>\n<p>Segundo Covas, a Secretaria Municipal de Educa\u00e7\u00e3o anunciar\u00e1 novas medidas nesta semana para atender as crian\u00e7as da rede municipal com atividades \u00e0 dist\u00e2ncia nas pr\u00f3ximas semanas.<\/p>\n<p>&nbsp;<\/p>\n<p><strong>Fonte: Terra<\/strong><\/p>\n<p>&nbsp;<\/p>\n","protected":false},"excerpt":{"rendered":"<p>O inqu\u00e9rito sorol\u00f3gico realizado pela Prefeitura de S\u00e3o Paulo com 6 mil estudantes entre 4 e 14 anos da rede municipal apontou que 16,1% t\u00eam anticorpos para o novo coronav\u00edrus. Do total, 64 4% s\u00e3o assintom\u00e1ticos para a covid-19, dado que preocupa a gest\u00e3o pela possibilidade de dissemina\u00e7\u00e3o. O levantamento motivou o prefeito Bruno Covas &hellip;<\/p>\n","protected":false},"author":1,"featured_media":8826,"comment_status":"open","ping_status":"open","sticky":false,"template":"","format":"standard","meta":{"_jetpack_newsletter_access":"","_jetpack_dont_email_post_to_subs":false,"_jetpack_newsletter_tier_id":0,"_jetpack_memberships_contains_paywalled_content":false,"_jetpack_memberships_contains_paid_content":false,"footnotes":""},"categories":[1],"tags":[],"class_list":["post-8825","post","type-post","status-publish","format-standard","has-post-thumbnail","hentry","category-destaque"],"jetpack_sharing_enabled":true,"jetpack_featured_media_url":"","_links":{"self":[{"href":"https:\/\/www.oparanews.com.br\/index.php\/wp-json\/wp\/v2\/posts\/8825","targetHints":{"allow":["GET"]}}],"collection":[{"href":"https:\/\/www.oparanews.com.br\/index.php\/wp-json\/wp\/v2\/posts"}],"about":[{"href":"https:\/\/www.oparanews.com.br\/index.php\/wp-json\/wp\/v2\/types\/post"}],"author":[{"embeddable":true,"href":"https:\/\/www.oparanews.com.br\/index.php\/wp-json\/wp\/v2\/users\/1"}],"replies":[{"embeddable":true,"href":"https:\/\/www.oparanews.com.br\/index.php\/wp-json\/wp\/v2\/comments?post=8825"}],"version-history":[{"count":0,"href":"https:\/\/www.oparanews.com.br\/index.php\/wp-json\/wp\/v2\/posts\/8825\/revisions"}],"wp:attachment":[{"href":"https:\/\/www.oparanews.com.br\/index.php\/wp-json\/wp\/v2\/media?parent=8825"}],"wp:term":[{"taxonomy":"category","embeddable":true,"href":"https:\/\/www.oparanews.com.br\/index.php\/wp-json\/wp\/v2\/categories?post=8825"},{"taxonomy":"post_tag","embeddable":true,"href":"https:\/\/www.oparanews.com.br\/index.php\/wp-json\/wp\/v2\/tags?post=8825"}],"curies":[{"name":"wp","href":"https:\/\/api.w.org\/{rel}","templated":true}]}}