{"id":8828,"date":"2020-08-19T02:08:18","date_gmt":"2020-08-19T02:08:18","guid":{"rendered":"https:\/\/oparanews.com.br\/?p=8828"},"modified":"2020-08-19T02:08:18","modified_gmt":"2020-08-19T02:08:18","slug":"tio-acusado-de-estuprar-menina-de-10-anos-e-preso","status":"publish","type":"post","link":"https:\/\/www.oparanews.com.br\/index.php\/2020\/08\/19\/tio-acusado-de-estuprar-menina-de-10-anos-e-preso\/","title":{"rendered":"Tio acusado de estuprar menina de 10 anos \u00e9 preso"},"content":{"rendered":"<p>O tio acusado de estuprar e engravidar a sobrinha de 10 anos no Esp\u00edrito Santo foi preso na madrugada desta ter\u00e7a-feira na cidade de Betim, em Minas Gerais. A pris\u00e3o foi anunciada por Renato Casagrande, governador do Esp\u00edrito Santo, nas redes sociais. &#8220;A nossa pol\u00edcia efetuou nesta madrugada a pris\u00e3o do estuprador da menina violentadano no interior do ES. Que sirva de li\u00e7\u00e3o para quem insiste em praticar um crime brutal, cruel e inaceit\u00e1vel dessa natureza. Detalhes da opera\u00e7\u00e3o ser\u00e3o repassada pela equipe seguran\u00e7a ainda hoje&#8221;, escreveu o pol\u00edtico.<\/p>\n<p>Foragido, R. H. de J., de 33 anos, ex-presidi\u00e1rio, ele j\u00e1 chegou a cumprir pena por tr\u00e1fico de drogas, associa\u00e7\u00e3o criminosa e posse ilegal de arma. O novo mandado de pris\u00e3o, por estupro de vulner\u00e1vel, foi expedido pela 3.\u00aa Vara Criminal de S\u00e3o Mateus, do Tribunal de Justi\u00e7a do Esp\u00edrito Santo (TJ-ES), na quarta-feira passada, 12. De acordo com a pol\u00edcia, a pris\u00e3o aconteceu na madrugada desta ter\u00e7a, na Regi\u00e3o Metropolitana de Belo Horizonte. Os policiais civis capixabas est\u00e3o voltando com o acusado para o Esp\u00edrito Santo, mas n\u00e3o h\u00e1 previs\u00e3o de quando ele chegar\u00e1 ao Estado.<\/p>\n<p>A menina foi transferida de S\u00e3o Mateus, no norte do Esp\u00edrito Santo, para o Recife, capital de Pernambuco, ap\u00f3s decis\u00e3o do juiz Antonio Moreira Fernandes, da Vara da Inf\u00e2ncia e da Juventude do munic\u00edpio onde ela mora. Desde domingo, a crian\u00e7a est\u00e1 internada no Centro Integrado de Sa\u00fade Amaury de Medeiros (Cisam-UPE). Foi no hospital que ela teve a gesta\u00e7\u00e3o interrompida. O procedimento foi feito no domingo e finalizado na segunda-feira.<\/p>\n<p>No dia do procedimento, o hospital foi alvo de atos de grupos religiosos, contr\u00e1rios ao aborto. Tamb\u00e9m houve manifesta\u00e7\u00f5es de grupos de mulheres que defendiam o procedimento. Em entrevista ao Estad\u00e3o, Ol\u00edmpio Barbosa de Morais Filho, m\u00e9dico respons\u00e1vel pela unidade que realizou o aborto, afirmou que as pessoas &#8220;misturam ci\u00eancia com religi\u00e3o&#8221;, &#8220;sa\u00fade com religi\u00e3o&#8221; e que \u00e9 uma &#8220;tortura&#8221; o Estado obrigar a manuten\u00e7\u00e3o da gravidez de uma mulher violentada.<\/p>\n<p>De acordo com informa\u00e7\u00f5es da TV Globo, o tio abusava da menina desde os seis anos.<\/p>\n<p>O acusado est\u00e1 sendo levado para o Esp\u00edrito Santo e deve ficar detido no Complexo de Xuri, onde existe uma ala dedicada aos presos por estupro.<\/p>\n<p>&nbsp;<\/p>\n<p><strong>Fonte: Terra Com informa\u00e7\u00f5es do Estad\u00e3o Conte\u00fado<\/strong><\/p>\n<p>&nbsp;<\/p>\n","protected":false},"excerpt":{"rendered":"<p>O tio acusado de estuprar e engravidar a sobrinha de 10 anos no Esp\u00edrito Santo foi preso na madrugada desta ter\u00e7a-feira na cidade de Betim, em Minas Gerais. A pris\u00e3o foi anunciada por Renato Casagrande, governador do Esp\u00edrito Santo, nas redes sociais. &#8220;A nossa pol\u00edcia efetuou nesta madrugada a pris\u00e3o do estuprador da menina violentadano &hellip;<\/p>\n","protected":false},"author":1,"featured_media":8829,"comment_status":"open","ping_status":"open","sticky":false,"template":"","format":"standard","meta":{"_jetpack_newsletter_access":"","_jetpack_dont_email_post_to_subs":false,"_jetpack_newsletter_tier_id":0,"_jetpack_memberships_contains_paywalled_content":false,"_jetpack_memberships_contains_paid_content":false,"footnotes":""},"categories":[1],"tags":[],"class_list":["post-8828","post","type-post","status-publish","format-standard","has-post-thumbnail","hentry","category-destaque"],"jetpack_sharing_enabled":true,"jetpack_featured_media_url":"","_links":{"self":[{"href":"https:\/\/www.oparanews.com.br\/index.php\/wp-json\/wp\/v2\/posts\/8828","targetHints":{"allow":["GET"]}}],"collection":[{"href":"https:\/\/www.oparanews.com.br\/index.php\/wp-json\/wp\/v2\/posts"}],"about":[{"href":"https:\/\/www.oparanews.com.br\/index.php\/wp-json\/wp\/v2\/types\/post"}],"author":[{"embeddable":true,"href":"https:\/\/www.oparanews.com.br\/index.php\/wp-json\/wp\/v2\/users\/1"}],"replies":[{"embeddable":true,"href":"https:\/\/www.oparanews.com.br\/index.php\/wp-json\/wp\/v2\/comments?post=8828"}],"version-history":[{"count":0,"href":"https:\/\/www.oparanews.com.br\/index.php\/wp-json\/wp\/v2\/posts\/8828\/revisions"}],"wp:attachment":[{"href":"https:\/\/www.oparanews.com.br\/index.php\/wp-json\/wp\/v2\/media?parent=8828"}],"wp:term":[{"taxonomy":"category","embeddable":true,"href":"https:\/\/www.oparanews.com.br\/index.php\/wp-json\/wp\/v2\/categories?post=8828"},{"taxonomy":"post_tag","embeddable":true,"href":"https:\/\/www.oparanews.com.br\/index.php\/wp-json\/wp\/v2\/tags?post=8828"}],"curies":[{"name":"wp","href":"https:\/\/api.w.org\/{rel}","templated":true}]}}