{"id":8831,"date":"2020-08-19T02:22:26","date_gmt":"2020-08-19T02:22:26","guid":{"rendered":"https:\/\/oparanews.com.br\/?p=8831"},"modified":"2020-08-19T02:22:26","modified_gmt":"2020-08-19T02:22:26","slug":"penedo-registra-1022-casos-de-covid-19-e-tem-943-recuperados","status":"publish","type":"post","link":"https:\/\/www.oparanews.com.br\/index.php\/2020\/08\/19\/penedo-registra-1022-casos-de-covid-19-e-tem-943-recuperados\/","title":{"rendered":"Penedo registra 1022 casos da Covid-19 e tem 943 recuperados"},"content":{"rendered":"<p>A Prefeitura de Penedo por meio da Secretaria Municipal de Sa\u00fade (SEMS), divulgou nesta ter\u00e7a-feira (18), a atualiza\u00e7\u00e3o di\u00e1ria referente aos n\u00fameros da pandemia de Covid-19 no munic\u00edpio.<\/p>\n<p>De acordo com o Boletim Epidemiol\u00f3gico recente, o n\u00famero total de casos confirmados de Covid-19 em Penedo \u00e9 1022. Com rela\u00e7\u00e3o as pessoas curadas da doen\u00e7a, aquelas que n\u00e3o apresentam mais sintomas, essas representam 943 casos.<\/p>\n<p>Os demais dados contidos no Boletim Epidemiol\u00f3gico Covid-19 mostram que existem 110 casos monitorados, tr\u00eas casos suspeitos, 1031 descartados e 12 \u00f3bitos causados pela doen\u00e7a no munic\u00edpio.<\/p>\n<p>A Prefeitura de Penedo orienta a popula\u00e7\u00e3o penedense a procurar a Unidade de Refer\u00eancia em S\u00edndromes Gripais ao aparecerem os primeiros sintomas de Covid-19, com o objetivo de evitar o aparecimento de quadros graves da doen\u00e7a.<\/p>\n<p>Localidades<\/p>\n<p>Com rela\u00e7\u00e3o ao numero de infectados por localidade, 295 est\u00e3o localizadas no bairro Dom Constantino, 196 no Bairro de Santa Luzia e 130 no centro da cidade<\/p>\n<p>Na zona rural, a maioria dos casos confirmados est\u00e3o localizados nos Povoados Tabuleiros dos Negros e Cooperativa (\u00e1rea que contempla os dois n\u00facleos) com 37 e 31 casos, respectivamente.<\/p>\n<p>Os n\u00fameros referentes a pandemia de Covid-19 em Penedo, por localidade, seguem a seguinte rela\u00e7\u00e3o:<\/p>\n<p>Zona Urbana<\/p>\n<p>295 Bairro Dom Constantino<\/p>\n<p>130 Centro<\/p>\n<p>80 Bairro Senhor do Bonfim<\/p>\n<p>108 Bairro Raimundo Marinho<\/p>\n<p>63 Bairro Santo Ant\u00f4nio<\/p>\n<p>196 Bairro Santa Luzia<\/p>\n<p>29 Bairro Santa Izabel<\/p>\n<p>10 Bairro Santa Cec\u00edlia<\/p>\n<p>Zona Rural<\/p>\n<p>31 Povoado Cooperativa<\/p>\n<p>24 Povoado Palmeira Alta<\/p>\n<p>37 Povoado Tabuleiro dos Negros<\/p>\n<p>08 Povoado Capela<\/p>\n<p>09 Povoado Santa Margarida<\/p>\n<p>02 Povoado Ponta Mofina<\/p>\n<p>&nbsp;<\/p>\n<p><strong>por Thiago Sobral &#8211; Decom (PMP)<\/strong><\/p>\n<p>&nbsp;<\/p>\n","protected":false},"excerpt":{"rendered":"<p>A Prefeitura de Penedo por meio da Secretaria Municipal de Sa\u00fade (SEMS), divulgou nesta ter\u00e7a-feira (18), a atualiza\u00e7\u00e3o di\u00e1ria referente aos n\u00fameros da pandemia de Covid-19 no munic\u00edpio. De acordo com o Boletim Epidemiol\u00f3gico recente, o n\u00famero total de casos confirmados de Covid-19 em Penedo \u00e9 1022. Com rela\u00e7\u00e3o as pessoas curadas da doen\u00e7a, aquelas &hellip;<\/p>\n","protected":false},"author":1,"featured_media":8832,"comment_status":"open","ping_status":"open","sticky":false,"template":"","format":"standard","meta":{"_jetpack_newsletter_access":"","_jetpack_dont_email_post_to_subs":false,"_jetpack_newsletter_tier_id":0,"_jetpack_memberships_contains_paywalled_content":false,"_jetpack_memberships_contains_paid_content":false,"footnotes":""},"categories":[1],"tags":[],"class_list":["post-8831","post","type-post","status-publish","format-standard","has-post-thumbnail","hentry","category-destaque"],"jetpack_sharing_enabled":true,"jetpack_featured_media_url":"","_links":{"self":[{"href":"https:\/\/www.oparanews.com.br\/index.php\/wp-json\/wp\/v2\/posts\/8831","targetHints":{"allow":["GET"]}}],"collection":[{"href":"https:\/\/www.oparanews.com.br\/index.php\/wp-json\/wp\/v2\/posts"}],"about":[{"href":"https:\/\/www.oparanews.com.br\/index.php\/wp-json\/wp\/v2\/types\/post"}],"author":[{"embeddable":true,"href":"https:\/\/www.oparanews.com.br\/index.php\/wp-json\/wp\/v2\/users\/1"}],"replies":[{"embeddable":true,"href":"https:\/\/www.oparanews.com.br\/index.php\/wp-json\/wp\/v2\/comments?post=8831"}],"version-history":[{"count":0,"href":"https:\/\/www.oparanews.com.br\/index.php\/wp-json\/wp\/v2\/posts\/8831\/revisions"}],"wp:attachment":[{"href":"https:\/\/www.oparanews.com.br\/index.php\/wp-json\/wp\/v2\/media?parent=8831"}],"wp:term":[{"taxonomy":"category","embeddable":true,"href":"https:\/\/www.oparanews.com.br\/index.php\/wp-json\/wp\/v2\/categories?post=8831"},{"taxonomy":"post_tag","embeddable":true,"href":"https:\/\/www.oparanews.com.br\/index.php\/wp-json\/wp\/v2\/tags?post=8831"}],"curies":[{"name":"wp","href":"https:\/\/api.w.org\/{rel}","templated":true}]}}