{"id":8835,"date":"2020-08-19T02:30:41","date_gmt":"2020-08-19T02:30:41","guid":{"rendered":"https:\/\/oparanews.com.br\/?p=8835"},"modified":"2020-08-19T02:30:41","modified_gmt":"2020-08-19T02:30:41","slug":"saiba-como-agendar-atendimento-para-o-detran-instituto-de-identificacao-ou-sine","status":"publish","type":"post","link":"https:\/\/www.oparanews.com.br\/index.php\/2020\/08\/19\/saiba-como-agendar-atendimento-para-o-detran-instituto-de-identificacao-ou-sine\/","title":{"rendered":"Saiba como agendar atendimento para o Detran, Instituto de Identifica\u00e7\u00e3o ou Sine"},"content":{"rendered":"<p>Mesmo com a capital alagoana na fase azul do distanciamento social controlado, os \u00f3rg\u00e3os e secretarias do Estado continuam tomando os cuidados necess\u00e1rios para garantir uma presta\u00e7\u00e3o de servi\u00e7os segura \u00e0 popula\u00e7\u00e3o. \u00c9 por isso que todos os atendimentos presenciais deles est\u00e3o sendo realizados por meio do Agendamento J\u00e1!, plataforma que pode ser acessada em qualquer dispositivo, pelo endere\u00e7o eletr\u00f4nico <a href=\"http:\/\/agendamento.seplag.al.gov.br\/\"><strong>agendamento.seplag.al.gov.br<\/strong><\/a>.<\/p>\n<p>Desenvolvido pela Secretaria de Estado do Planejamento, Gest\u00e3o e Patrim\u00f4nio (Seplag), por meio da Superintend\u00eancia de Atendimento ao Cidad\u00e3o (SAC) e da Superintend\u00eancia de Tecnologia da Informa\u00e7\u00e3o (STI), o sistema \u00e9 o que agora deve ser utilizado para quem quer ser atendido na sede do Instituto de Identifica\u00e7\u00e3o, no Detran ou no Sine Jaragu\u00e1.<\/p>\n<p>Para marcar o seu agendamento, basta acessar o site e fazer o login com o seu CPF ou realizar um breve cadastro. Em seguida, escolha a unidade respons\u00e1vel pelo atendimento em quest\u00e3o e, depois, o servi\u00e7o que deseja realizar. Ap\u00f3s a escolha do servi\u00e7o, \u00e9 necess\u00e1rio marcar o dia e a hora em que voc\u00ea deseja ser atendido, confirmar as informa\u00e7\u00f5es e comparecer ao local na data agendada, munido de documento de identifica\u00e7\u00e3o, com no m\u00e1ximo 15 minutos de anteced\u00eancia.<\/p>\n<p>Vagas s\u00e3o disponibilizadas em dias espec\u00edficos da semana<\/p>\n<p>Caso voc\u00ea queira agendar o seu atendimento para fazer a 1\u00aa ou 2\u00ba via do RG, \u00e9 preciso ficar atento: as vagas s\u00e3o disponibilizadas pelo \u00f3rg\u00e3o no sistema apenas \u00e0s quintas-feiras de cada semana e devem ser agendadas somente na op\u00e7\u00e3o Instituto de Identifica\u00e7\u00e3o (sede).<\/p>\n<p>J\u00e1 para os atendimentos do Detran, os hor\u00e1rios come\u00e7am a ficar dispon\u00edveis no sistema sempre a partir das sextas-feiras. \u00c9 poss\u00edvel fazer o seu agendamento para a sede e para as Ciretrans de Uni\u00e3o dos Palmares, Atalaia, Coruripe, Matriz de Camaragibe, Vi\u00e7osa e Girau do Ponciano. At\u00e9 o final deste m\u00eas, as demais Ciretrans do Estado tamb\u00e9m ser\u00e3o reabertas ao p\u00fablico.<\/p>\n<p>&nbsp;<\/p>\n<p><strong>Fonte: Ag\u00eancia Alagoas<\/strong><\/p>\n<p>&nbsp;<\/p>\n","protected":false},"excerpt":{"rendered":"<p>Mesmo com a capital alagoana na fase azul do distanciamento social controlado, os \u00f3rg\u00e3os e secretarias do Estado continuam tomando os cuidados necess\u00e1rios para garantir uma presta\u00e7\u00e3o de servi\u00e7os segura \u00e0 popula\u00e7\u00e3o. \u00c9 por isso que todos os atendimentos presenciais deles est\u00e3o sendo realizados por meio do Agendamento J\u00e1!, plataforma que pode ser acessada em &hellip;<\/p>\n","protected":false},"author":1,"featured_media":8836,"comment_status":"open","ping_status":"open","sticky":false,"template":"","format":"standard","meta":{"_jetpack_newsletter_access":"","_jetpack_dont_email_post_to_subs":false,"_jetpack_newsletter_tier_id":0,"_jetpack_memberships_contains_paywalled_content":false,"_jetpack_memberships_contains_paid_content":false,"footnotes":""},"categories":[1],"tags":[],"class_list":["post-8835","post","type-post","status-publish","format-standard","has-post-thumbnail","hentry","category-destaque"],"jetpack_sharing_enabled":true,"jetpack_featured_media_url":"","_links":{"self":[{"href":"https:\/\/www.oparanews.com.br\/index.php\/wp-json\/wp\/v2\/posts\/8835","targetHints":{"allow":["GET"]}}],"collection":[{"href":"https:\/\/www.oparanews.com.br\/index.php\/wp-json\/wp\/v2\/posts"}],"about":[{"href":"https:\/\/www.oparanews.com.br\/index.php\/wp-json\/wp\/v2\/types\/post"}],"author":[{"embeddable":true,"href":"https:\/\/www.oparanews.com.br\/index.php\/wp-json\/wp\/v2\/users\/1"}],"replies":[{"embeddable":true,"href":"https:\/\/www.oparanews.com.br\/index.php\/wp-json\/wp\/v2\/comments?post=8835"}],"version-history":[{"count":0,"href":"https:\/\/www.oparanews.com.br\/index.php\/wp-json\/wp\/v2\/posts\/8835\/revisions"}],"wp:attachment":[{"href":"https:\/\/www.oparanews.com.br\/index.php\/wp-json\/wp\/v2\/media?parent=8835"}],"wp:term":[{"taxonomy":"category","embeddable":true,"href":"https:\/\/www.oparanews.com.br\/index.php\/wp-json\/wp\/v2\/categories?post=8835"},{"taxonomy":"post_tag","embeddable":true,"href":"https:\/\/www.oparanews.com.br\/index.php\/wp-json\/wp\/v2\/tags?post=8835"}],"curies":[{"name":"wp","href":"https:\/\/api.w.org\/{rel}","templated":true}]}}