{"id":8847,"date":"2020-08-21T13:32:44","date_gmt":"2020-08-21T13:32:44","guid":{"rendered":"https:\/\/oparanews.com.br\/?p=8847"},"modified":"2020-08-21T13:32:44","modified_gmt":"2020-08-21T13:32:44","slug":"alagoas-confirma-mais-482-casos-e-9-mortes-por-covid-19","status":"publish","type":"post","link":"https:\/\/www.oparanews.com.br\/index.php\/2020\/08\/21\/alagoas-confirma-mais-482-casos-e-9-mortes-por-covid-19\/","title":{"rendered":"Alagoas confirma mais 482 casos e 9 mortes por Covid-19"},"content":{"rendered":"<p>Alagoas registrou mais 482 casos confirmados e 9 mortes por Covid-19 nas \u00faltimas 24 horas. Os novos casos fizeram o n\u00famero de confirmados subir para 74.622 e o de mortes, para 1.793. Os dados foram divulgados nesta quinta-feira (20) pela Secretaria de Estado da Sa\u00fade (Sesau).<\/p>\n<p>O boletim epidemiol\u00f3gico mostra que h\u00e1 1.049 casos suspeitos, em investiga\u00e7\u00e3o laboratorial. Entre as pessoas que foram infectadas pelo novo coronav\u00edrus, 68.736 est\u00e3o recuperadas.<\/p>\n<p>Segundo o boletim de ocupa\u00e7\u00e3o de leitos, 23% dos leitos exclusivos para Covid-19 estavam ocupados at\u00e9 as 9h desta quinta. Considerando apenas os leitos de UTI, a taxa de ocupa\u00e7\u00e3o era de 45%.<\/p>\n<p>MACEI\u00d3: 25,1 mil casos confirmados e 815 mortes<br \/>\nARAPIRACA: 10 mil casos confirmados e 124 mortes<\/p>\n<p>Mais 9 mortes por Covid-19 em Alagoas<\/p>\n<p>Macei\u00f3: Homem, 81 anos \u2013 diab\u00e9tico<br \/>\nMacei\u00f3: Homem, 52 anos \u2013 sem comorbidades<br \/>\nMacei\u00f3: Mulher, 82 anos \u2013 sem comorbidades<br \/>\nSatuba: Mulher, 49 anos \u2013 imunossupress\u00e3o<br \/>\nMaribondo: Mulher, 59 anos \u2013 diab\u00e9tica<br \/>\nPenedo: Mulher, 79 anos \u2013 diab\u00e9tica<br \/>\nSantana do Ipanema: Mulher, 59 anos \u2013 sem comorbidades<br \/>\nMarechal Deodoro: Homem, 66 anos \u2013 hipertenso<br \/>\nRoteiro: Homem, 78 anos \u2013 sem comorbidades<\/p>\n<p>&nbsp;<\/p>\n<p><strong>Fonte: G1\/AL<\/strong><\/p>\n<p>&nbsp;<\/p>\n","protected":false},"excerpt":{"rendered":"<p>Alagoas registrou mais 482 casos confirmados e 9 mortes por Covid-19 nas \u00faltimas 24 horas. Os novos casos fizeram o n\u00famero de confirmados subir para 74.622 e o de mortes, para 1.793. Os dados foram divulgados nesta quinta-feira (20) pela Secretaria de Estado da Sa\u00fade (Sesau). O boletim epidemiol\u00f3gico mostra que h\u00e1 1.049 casos suspeitos, &hellip;<\/p>\n","protected":false},"author":1,"featured_media":8848,"comment_status":"open","ping_status":"open","sticky":false,"template":"","format":"standard","meta":{"_jetpack_newsletter_access":"","_jetpack_dont_email_post_to_subs":false,"_jetpack_newsletter_tier_id":0,"_jetpack_memberships_contains_paywalled_content":false,"_jetpack_memberships_contains_paid_content":false,"footnotes":""},"categories":[1],"tags":[],"class_list":["post-8847","post","type-post","status-publish","format-standard","has-post-thumbnail","hentry","category-destaque"],"jetpack_sharing_enabled":true,"jetpack_featured_media_url":"","_links":{"self":[{"href":"https:\/\/www.oparanews.com.br\/index.php\/wp-json\/wp\/v2\/posts\/8847","targetHints":{"allow":["GET"]}}],"collection":[{"href":"https:\/\/www.oparanews.com.br\/index.php\/wp-json\/wp\/v2\/posts"}],"about":[{"href":"https:\/\/www.oparanews.com.br\/index.php\/wp-json\/wp\/v2\/types\/post"}],"author":[{"embeddable":true,"href":"https:\/\/www.oparanews.com.br\/index.php\/wp-json\/wp\/v2\/users\/1"}],"replies":[{"embeddable":true,"href":"https:\/\/www.oparanews.com.br\/index.php\/wp-json\/wp\/v2\/comments?post=8847"}],"version-history":[{"count":0,"href":"https:\/\/www.oparanews.com.br\/index.php\/wp-json\/wp\/v2\/posts\/8847\/revisions"}],"wp:attachment":[{"href":"https:\/\/www.oparanews.com.br\/index.php\/wp-json\/wp\/v2\/media?parent=8847"}],"wp:term":[{"taxonomy":"category","embeddable":true,"href":"https:\/\/www.oparanews.com.br\/index.php\/wp-json\/wp\/v2\/categories?post=8847"},{"taxonomy":"post_tag","embeddable":true,"href":"https:\/\/www.oparanews.com.br\/index.php\/wp-json\/wp\/v2\/tags?post=8847"}],"curies":[{"name":"wp","href":"https:\/\/api.w.org\/{rel}","templated":true}]}}