{"id":8853,"date":"2020-08-21T13:42:16","date_gmt":"2020-08-21T13:42:16","guid":{"rendered":"https:\/\/oparanews.com.br\/?p=8853"},"modified":"2020-08-21T13:42:16","modified_gmt":"2020-08-21T13:42:16","slug":"boletim-informa-1045-casos-confirmados-de-covid-19-em-penedo","status":"publish","type":"post","link":"https:\/\/www.oparanews.com.br\/index.php\/2020\/08\/21\/boletim-informa-1045-casos-confirmados-de-covid-19-em-penedo\/","title":{"rendered":"Boletim informa 1045 casos confirmados de Covid-19 em Penedo"},"content":{"rendered":"<p>A Secretaria Municipal de Sa\u00fade de Penedo divulgou nesta quinta-feira (20), um novo Boletim Epidemiol\u00f3gico sobre a pandemia de Covid-19 no munic\u00edpio. A atualiza\u00e7\u00e3o dos dados mostra que o munic\u00edpio agora tem 1045 casos da doen\u00e7a.<\/p>\n<p>Os demais dados mostram que 95 pessoas est\u00e3o sendo monitoradas, tr\u00eas casos s\u00e3o considerados suspeitos, 1056 casos foram descartados por terem diagn\u00f3sticos negativos para Covid-19, e 12 pessoas faleceram v\u00edtimas da doen\u00e7a no munic\u00edpio.<\/p>\n<p>Al\u00e9m disso, 974 pessoas fazem parte da categoria casos recuperados, ap\u00f3s passarem pelo per\u00edodo de recupera\u00e7\u00e3o e n\u00e3o apresentarem mais sintomas de Covid-19.<\/p>\n<p>A Prefeitura de Penedo orienta a popula\u00e7\u00e3o penedense a procurar atendimento especializado na Unidade de Refer\u00eancia em S\u00edndromes Gripais, ao aparecerem os primeiros sintomas de Covid-19, com o objetivo de evitar o aparecimento de quadros graves da doen\u00e7a.<\/p>\n<p>A Unidade de S\u00edndromes Gripais fica localizada na Avenida Wanderlei, nas proximidades do trevo da \u201cToca do \u00cdndio\u201d funcionando todos os dias da semana das 8h \u00e0s 17h.<\/p>\n<p><strong>Localidades<\/strong><\/p>\n<p>A atualiza\u00e7\u00e3o di\u00e1ria dos dados sobre a Covid-19 em Penedo tamb\u00e9m aborda os n\u00fameros de infectados por localidades.<\/p>\n<p>De acordo com os n\u00fameros, o Bairro Dom Constantino possui a maior quantidade de ocorr\u00eancias de casos da doen\u00e7a com 308 pessoas testadas positivo. Na sequ\u00eancia est\u00e1 o Bairro de Santa Luzia com 200 casos e o centro da cidade com 131.<\/p>\n<p>J\u00e1 na zona rural de Penedo, o Povoado Tabuleiro dos Negros segue tendo 37 casos confirmados, o maior n\u00famero de casos entre todos os povoados, estando logo atr\u00e1s no n\u00famero de casos a Cooperativa, \u00e1rea que inclui os dois n\u00facleos da localidade, com 32 casos e o Povoado Palmeira Alta com 24 casos, que anteriormente j\u00e1 ocupou o topo da lista, mas devido ao aumento de casos nos outros povoados citados, agora mant\u00e9m a terceira coloca\u00e7\u00e3o.<\/p>\n<p>&nbsp;<\/p>\n<p><strong>por Thiago Sobral &#8211; Decom (PMP)<\/strong><\/p>\n<p>&nbsp;<\/p>\n","protected":false},"excerpt":{"rendered":"<p>A Secretaria Municipal de Sa\u00fade de Penedo divulgou nesta quinta-feira (20), um novo Boletim Epidemiol\u00f3gico sobre a pandemia de Covid-19 no munic\u00edpio. A atualiza\u00e7\u00e3o dos dados mostra que o munic\u00edpio agora tem 1045 casos da doen\u00e7a. Os demais dados mostram que 95 pessoas est\u00e3o sendo monitoradas, tr\u00eas casos s\u00e3o considerados suspeitos, 1056 casos foram descartados &hellip;<\/p>\n","protected":false},"author":1,"featured_media":8854,"comment_status":"open","ping_status":"open","sticky":false,"template":"","format":"standard","meta":{"_jetpack_newsletter_access":"","_jetpack_dont_email_post_to_subs":false,"_jetpack_newsletter_tier_id":0,"_jetpack_memberships_contains_paywalled_content":false,"_jetpack_memberships_contains_paid_content":false,"footnotes":""},"categories":[1],"tags":[],"class_list":["post-8853","post","type-post","status-publish","format-standard","has-post-thumbnail","hentry","category-destaque"],"jetpack_sharing_enabled":true,"jetpack_featured_media_url":"","_links":{"self":[{"href":"https:\/\/www.oparanews.com.br\/index.php\/wp-json\/wp\/v2\/posts\/8853","targetHints":{"allow":["GET"]}}],"collection":[{"href":"https:\/\/www.oparanews.com.br\/index.php\/wp-json\/wp\/v2\/posts"}],"about":[{"href":"https:\/\/www.oparanews.com.br\/index.php\/wp-json\/wp\/v2\/types\/post"}],"author":[{"embeddable":true,"href":"https:\/\/www.oparanews.com.br\/index.php\/wp-json\/wp\/v2\/users\/1"}],"replies":[{"embeddable":true,"href":"https:\/\/www.oparanews.com.br\/index.php\/wp-json\/wp\/v2\/comments?post=8853"}],"version-history":[{"count":0,"href":"https:\/\/www.oparanews.com.br\/index.php\/wp-json\/wp\/v2\/posts\/8853\/revisions"}],"wp:attachment":[{"href":"https:\/\/www.oparanews.com.br\/index.php\/wp-json\/wp\/v2\/media?parent=8853"}],"wp:term":[{"taxonomy":"category","embeddable":true,"href":"https:\/\/www.oparanews.com.br\/index.php\/wp-json\/wp\/v2\/categories?post=8853"},{"taxonomy":"post_tag","embeddable":true,"href":"https:\/\/www.oparanews.com.br\/index.php\/wp-json\/wp\/v2\/tags?post=8853"}],"curies":[{"name":"wp","href":"https:\/\/api.w.org\/{rel}","templated":true}]}}