{"id":8859,"date":"2020-08-22T17:56:51","date_gmt":"2020-08-22T17:56:51","guid":{"rendered":"https:\/\/oparanews.com.br\/?p=8859"},"modified":"2020-08-22T17:56:51","modified_gmt":"2020-08-22T17:56:51","slug":"guedes-prepara-pacote-de-renda-obras-e-corte-de-despesas","status":"publish","type":"post","link":"https:\/\/www.oparanews.com.br\/index.php\/2020\/08\/22\/guedes-prepara-pacote-de-renda-obras-e-corte-de-despesas\/","title":{"rendered":"Guedes prepara pacote de Renda, obras e corte de despesas"},"content":{"rendered":"<p>Num gesto pol\u00edtico ap\u00f3s as turbul\u00eancias provocadas pelas incertezas com o futuro das contas p\u00fablicas, o governo prepara para a pr\u00f3xima semana um pacote de medidas em diversas frentes para tentar sustentar a recupera\u00e7\u00e3o econ\u00f4mica e fazer a ponte de transi\u00e7\u00e3o com o fim dos aux\u00edlios emergenciais concedidos durante a fase mais aguda da pandemia da covid-19.<\/p>\n<p>O pacote \u201cbig bang\u201d, como \u00e9 chamado internamente pelo ministro da Economia, Paulo Guedes, em refer\u00eancia \u00e0 teoria de cria\u00e7\u00e3o do Universo, vai antecipar o programa Renda Brasil para este ano e combinar medidas de corte de despesas, obras p\u00fablicas, est\u00edmulo ao emprego, atra\u00e7\u00e3o dos investimentos privados e privatiza\u00e7\u00f5es. O pacote \u00e9 visto como uma esp\u00e9cie de \u201clego\u201d que vai se encaixando ao \u201critmo pol\u00edtico\u201d do Congresso nos pr\u00f3ximos meses.<\/p>\n<p>O programa Pr\u00f3-Brasil, depois da pol\u00eamica por causa do gigantismo do montante de recursos para investimentos p\u00fablicos (inicialmente estavam previstos R$ 150 bilh\u00f5es), foi amplamente reformulado. A ideia agora \u00e9 focar em marcos regulat\u00f3rios que j\u00e1 est\u00e3o no Congresso \u2013 g\u00e1s natural, lei da fal\u00eancia e navega\u00e7\u00e3o na costa brasileira \u2013 para ampliar a participa\u00e7\u00e3o da iniciativa privada e liberar R$ 4 bilh\u00f5es do Or\u00e7amento neste ano para obras.<\/p>\n<p>Para garantir a manuten\u00e7\u00e3o do teto de gastos, a regra que atrela o crescimento das despesas \u00e0 infla\u00e7\u00e3o, o pacote vai propor uma s\u00e9rie de medidas que podem abrir espa\u00e7o entre R$ 20 bilh\u00f5es e R$ 70 bilh\u00f5es. Ser\u00e1 enviada uma lista de programas considerados ineficientes que poder\u00e3o ser cortados e sugest\u00f5es para que os congressistas retirem \u201ccarimbos\u201d do Or\u00e7amento e removam a necessidade atual de conceder reajustes automaticamente.<\/p>\n<p>As medidas ser\u00e3o inseridas numa Proposta de Emenda Constitucional (PEC) do pacto federativo no Senado conjuntamente com o Or\u00e7amento da Uni\u00e3o, os dois textos tendo como relator o senador Marcio Bittar (MDB-AC).<\/p>\n<p>Com a proje\u00e7\u00e3o de infla\u00e7\u00e3o deste ano em torno de 1,67%, a equipe econ\u00f4mica avalia que essa \u00e9 uma oportunidade hist\u00f3rica e urgente para enfrentar os tr\u00eas \u201cDs\u201d (desindexa\u00e7\u00e3o, desvincula\u00e7\u00e3o e desobriga\u00e7\u00e3o) que existem hoje no Or\u00e7amento diante da encruzilhada fiscal.<\/p>\n<p>Na pr\u00e1tica, por exemplo, essa desindexa\u00e7\u00e3o poder\u00e1 valer para as despesas vinculadas ao sal\u00e1rio m\u00ednimo (atrelado \u00e0 varia\u00e7\u00e3o da infla\u00e7\u00e3o do ano anterior). Hoje, cerca de 70% do Or\u00e7amento tem algum tipo de indexa\u00e7\u00e3o. O argumento que est\u00e1 sendo usado \u00e9 de que n\u00e3o se trata de deixar de ter a obriga\u00e7\u00e3o de corrigir, mas ter a flexibilidade de desobrigar essa corre\u00e7\u00e3o ap\u00f3s a decis\u00e3o pol\u00edtica. No primeiro ano, a desindexa\u00e7\u00e3o poderia abrir um espa\u00e7o de R$ 16 bilh\u00f5es no rol de despesas do Or\u00e7amento. As informa\u00e7\u00f5es s\u00e3o do jornal O Estado de S. Paulo.<\/p>\n<p>&nbsp;<\/p>\n<p><strong>Fonte: ISTO\u00c9<\/strong><\/p>\n<p>&nbsp;<\/p>\n","protected":false},"excerpt":{"rendered":"<p>Num gesto pol\u00edtico ap\u00f3s as turbul\u00eancias provocadas pelas incertezas com o futuro das contas p\u00fablicas, o governo prepara para a pr\u00f3xima semana um pacote de medidas em diversas frentes para tentar sustentar a recupera\u00e7\u00e3o econ\u00f4mica e fazer a ponte de transi\u00e7\u00e3o com o fim dos aux\u00edlios emergenciais concedidos durante a fase mais aguda da pandemia &hellip;<\/p>\n","protected":false},"author":1,"featured_media":8860,"comment_status":"open","ping_status":"open","sticky":false,"template":"","format":"standard","meta":{"_jetpack_newsletter_access":"","_jetpack_dont_email_post_to_subs":false,"_jetpack_newsletter_tier_id":0,"_jetpack_memberships_contains_paywalled_content":false,"_jetpack_memberships_contains_paid_content":false,"footnotes":""},"categories":[1],"tags":[],"class_list":["post-8859","post","type-post","status-publish","format-standard","has-post-thumbnail","hentry","category-destaque"],"jetpack_sharing_enabled":true,"jetpack_featured_media_url":"","_links":{"self":[{"href":"https:\/\/www.oparanews.com.br\/index.php\/wp-json\/wp\/v2\/posts\/8859","targetHints":{"allow":["GET"]}}],"collection":[{"href":"https:\/\/www.oparanews.com.br\/index.php\/wp-json\/wp\/v2\/posts"}],"about":[{"href":"https:\/\/www.oparanews.com.br\/index.php\/wp-json\/wp\/v2\/types\/post"}],"author":[{"embeddable":true,"href":"https:\/\/www.oparanews.com.br\/index.php\/wp-json\/wp\/v2\/users\/1"}],"replies":[{"embeddable":true,"href":"https:\/\/www.oparanews.com.br\/index.php\/wp-json\/wp\/v2\/comments?post=8859"}],"version-history":[{"count":0,"href":"https:\/\/www.oparanews.com.br\/index.php\/wp-json\/wp\/v2\/posts\/8859\/revisions"}],"wp:attachment":[{"href":"https:\/\/www.oparanews.com.br\/index.php\/wp-json\/wp\/v2\/media?parent=8859"}],"wp:term":[{"taxonomy":"category","embeddable":true,"href":"https:\/\/www.oparanews.com.br\/index.php\/wp-json\/wp\/v2\/categories?post=8859"},{"taxonomy":"post_tag","embeddable":true,"href":"https:\/\/www.oparanews.com.br\/index.php\/wp-json\/wp\/v2\/tags?post=8859"}],"curies":[{"name":"wp","href":"https:\/\/api.w.org\/{rel}","templated":true}]}}