{"id":8862,"date":"2020-08-22T17:58:59","date_gmt":"2020-08-22T17:58:59","guid":{"rendered":"https:\/\/oparanews.com.br\/?p=8862"},"modified":"2020-08-22T17:58:59","modified_gmt":"2020-08-22T17:58:59","slug":"bolsonaro-aprova-pro-brasil-com-corte-drastico-nos-recursos","status":"publish","type":"post","link":"https:\/\/www.oparanews.com.br\/index.php\/2020\/08\/22\/bolsonaro-aprova-pro-brasil-com-corte-drastico-nos-recursos\/","title":{"rendered":"Bolsonaro aprova Pr\u00f3-Brasil com corte dr\u00e1stico nos recursos"},"content":{"rendered":"<p>Ap\u00f3s o embate p\u00fablico do ministro da Economia, Paulo Guedes, com a ala &#8220;desenvolvimentista&#8221; do governo, o presidente Jair Bolsonaro deu aval para a implementa\u00e7\u00e3o do Plano Pr\u00f3-Brasil, mas com uma redu\u00e7\u00e3o dr\u00e1stica dos investimentos p\u00fablicos previstos originalmente.<\/p>\n<p>Em vez dos R$ 150 bilh\u00f5es em recursos do Tesouro Nacional, o programa deve ter R$ 4 bilh\u00f5es extras neste ano, segundo apurou o Estad\u00e3o.<\/p>\n<p>O lan\u00e7amento do programa que pretende apresentar uma estrat\u00e9gia para recupera\u00e7\u00e3o econ\u00f4mica no p\u00f3s-pandemia est\u00e1 sendo preparado para a pr\u00f3xima semana. A previs\u00e3o \u00e9 que o evento ocorra na ter\u00e7a-feira.<\/p>\n<p>De acordo com fontes do governo, a prioridade do programa, capitaneado pela Casa Civil, ser\u00e3o obras com entregas previstas at\u00e9 2022, \u00faltimo ano do atual mandato de Bolsonaro. Desde o fim de julho, o presidente tem priorizado agendas pelo Pa\u00eds para participar de cerim\u00f4nias de entregas de empreendimentos na \u00e1rea de Infraestrutura e Desenvolvimento Regional.<\/p>\n<p>De acordo com o planejamento apresentado a Bolsonaro, o Pr\u00f3-Brasil ter\u00e1 como &#8220;eixo ordem&#8221; a atra\u00e7\u00e3o de investimentos privados, a melhoria do ambiente de neg\u00f3cios e a desburocratiza\u00e7\u00e3o do Estado. Por isso, a ideia \u00e9 focar em marcos regulat\u00f3rios que j\u00e1 est\u00e3o no Congresso para atrair os investimentos privados.<\/p>\n<p>Depois do saneamento, a prioridade \u00e9 aprovar a nova lei que pretende baixar o pre\u00e7o do g\u00e1s em 40%, o texto que altera a Lei das Fal\u00eancias para dar maior agilidade aos processos de recupera\u00e7\u00e3o judicial e o projeto que facilita a navega\u00e7\u00e3o comercial na costa brasileira, conhecido como BR do Mar. O governo ainda quer melhorar a regula\u00e7\u00e3o no setor el\u00e9trico, com a privatiza\u00e7\u00e3o da Eletrobr\u00e1s, e conta com as empresas para ampliar a malha ferrovi\u00e1ria.<\/p>\n<p>Os criadores do plano apresentaram uma estimativa ao presidente de que \u00e9 poss\u00edvel atrair mais de R$ 1 trilh\u00e3o em dez anos em investimentos com reformas estruturantes. Como exemplo, avalia-se que a reforma tribut\u00e1ria, de simplifica\u00e7\u00e3o dos impostos, represente mais de 370 mil empregos diretos ou indiretos. Ser\u00e3o realizados mais de 160 leil\u00f5es e privatiza\u00e7\u00f5es, previstos no campo privado do Eixo Progresso da carteira do Pr\u00f3-Brasil.<\/p>\n<p>Ao lan\u00e7ar o programa, o Planalto vai buscar refor\u00e7ar que ele \u00e9 sustent\u00e1vel economicamente e preza pela responsabilidade fiscal, pela racionaliza\u00e7\u00e3o dos gastos p\u00fablicos e pelo protagonismo da iniciativa privada.<\/p>\n<p>&nbsp;<\/p>\n<p><strong>Fonte: Terra<\/strong><\/p>\n<p>&nbsp;<\/p>\n","protected":false},"excerpt":{"rendered":"<p>Ap\u00f3s o embate p\u00fablico do ministro da Economia, Paulo Guedes, com a ala &#8220;desenvolvimentista&#8221; do governo, o presidente Jair Bolsonaro deu aval para a implementa\u00e7\u00e3o do Plano Pr\u00f3-Brasil, mas com uma redu\u00e7\u00e3o dr\u00e1stica dos investimentos p\u00fablicos previstos originalmente. Em vez dos R$ 150 bilh\u00f5es em recursos do Tesouro Nacional, o programa deve ter R$ 4 &hellip;<\/p>\n","protected":false},"author":1,"featured_media":8863,"comment_status":"open","ping_status":"open","sticky":false,"template":"","format":"standard","meta":{"_jetpack_newsletter_access":"","_jetpack_dont_email_post_to_subs":false,"_jetpack_newsletter_tier_id":0,"_jetpack_memberships_contains_paywalled_content":false,"_jetpack_memberships_contains_paid_content":false,"footnotes":""},"categories":[1],"tags":[],"class_list":["post-8862","post","type-post","status-publish","format-standard","has-post-thumbnail","hentry","category-destaque"],"jetpack_sharing_enabled":true,"jetpack_featured_media_url":"","_links":{"self":[{"href":"https:\/\/www.oparanews.com.br\/index.php\/wp-json\/wp\/v2\/posts\/8862","targetHints":{"allow":["GET"]}}],"collection":[{"href":"https:\/\/www.oparanews.com.br\/index.php\/wp-json\/wp\/v2\/posts"}],"about":[{"href":"https:\/\/www.oparanews.com.br\/index.php\/wp-json\/wp\/v2\/types\/post"}],"author":[{"embeddable":true,"href":"https:\/\/www.oparanews.com.br\/index.php\/wp-json\/wp\/v2\/users\/1"}],"replies":[{"embeddable":true,"href":"https:\/\/www.oparanews.com.br\/index.php\/wp-json\/wp\/v2\/comments?post=8862"}],"version-history":[{"count":0,"href":"https:\/\/www.oparanews.com.br\/index.php\/wp-json\/wp\/v2\/posts\/8862\/revisions"}],"wp:attachment":[{"href":"https:\/\/www.oparanews.com.br\/index.php\/wp-json\/wp\/v2\/media?parent=8862"}],"wp:term":[{"taxonomy":"category","embeddable":true,"href":"https:\/\/www.oparanews.com.br\/index.php\/wp-json\/wp\/v2\/categories?post=8862"},{"taxonomy":"post_tag","embeddable":true,"href":"https:\/\/www.oparanews.com.br\/index.php\/wp-json\/wp\/v2\/tags?post=8862"}],"curies":[{"name":"wp","href":"https:\/\/api.w.org\/{rel}","templated":true}]}}