{"id":8868,"date":"2020-08-22T18:57:03","date_gmt":"2020-08-22T18:57:03","guid":{"rendered":"https:\/\/oparanews.com.br\/?p=8868"},"modified":"2020-08-22T18:57:03","modified_gmt":"2020-08-22T18:57:03","slug":"isla-chega-ao-rio-e-e-recebido-pela-torcida-do-flamengo","status":"publish","type":"post","link":"https:\/\/www.oparanews.com.br\/index.php\/2020\/08\/22\/isla-chega-ao-rio-e-e-recebido-pela-torcida-do-flamengo\/","title":{"rendered":"Isla chega ao Rio e \u00e9 recebido pela torcida do Flamengo"},"content":{"rendered":"<p>Contratado para substituir Rafinha, o chileno Mauricio Isla, de 32 anos, desembarcou no Rio de Janeiro no come\u00e7o da manh\u00e3 deste s\u00e1bado, 22, acompanhado da esposa e da filha, e foi recebido por torcedores do Flamengo, que ignoraram a chuva e o frio para fazer festa para o novo refor\u00e7o.<\/p>\n<p>Isla desembarcou no Aeroporto do Gale\u00e3o por voltas das 6 horas. O lateral chileno, que chega para o lugar de Rafinha, negociado com o Olympiacos, da Gr\u00e9cia, tirou fotos segurando uma camisa de uma torcida organizada e recebeu um bon\u00e9 e o cartaz com os dizeres: &#8220;Al\u00f4, Na\u00e7\u00e3o! Maur\u00edcio Isla \u00e9 do Meng\u00e3o&#8221;. Depois, o chileno vestiu a camisa 44 e posou para fotos ao lado do vice-presidente Marcos Braz.<\/p>\n<p>&#8220;Muito feliz de chegar a um clube grande do Brasil, como o Flamengo, que no ano passado ganhou tudo. \u00c9 uma motiva\u00e7\u00e3o grande estar num clube que sempre briga por t\u00edtulos, com grandes jogadores de tanta experi\u00eancia e hist\u00f3ria&#8221;, disse Isla em entrevista \u00e0 FlaTV. Ele tamb\u00e9m falou sobre o que sabe do t\u00e9cnico Dom\u00e8nec Torrent.<\/p>\n<p>&#8220;Conhe\u00e7o o treinador. Tem uma trajet\u00f3ria importante. Sei que trabalhou por muitos anos com um dos melhores o mundo, o Guardiola. Claramente, para ele, \u00e9 muito dif\u00edcil chegar ao Flamengo com a miss\u00e3o de substituir um treinador que venceu tanto no ano passado. Tem que dar tempo para se trabalhar o seu estilo de jogo&#8221;, avaliou o novo contratado.<\/p>\n<p>Antes de chegar ao Flamengo, Isla estava no Fenerbah\u00e7e, da Turquia. Como n\u00e3o tinha mais contrato, o lateral pode ser regularizado mesmo com a janela internacional de transfer\u00eancias fechada. Ele entrou em campo pela \u00faltima vez no dia 14 de mar\u00e7o.<\/p>\n<p>Isla jogou por v\u00e1rios anos na Europa, especialmente na It\u00e1lia, onde atuou na Juventus, Udinese e Cagliari. Tamb\u00e9m passou pelo Olympique de Marselha, da Fran\u00e7a, e tem uma trajet\u00f3ria longa e bem-sucedida na sele\u00e7\u00e3o chilena, com 117 jogos desde 2007. S\u00e9ria sua primeira experi\u00eancia profissionalmente no futebol sul-americano, j\u00e1 que s\u00f3 atuou na base do Universidad Cat\u00f3lica, do Chile, antes de ir para a Europa.<\/p>\n<p>Sem Isla, que ainda precisa se regularizado e readquirir o ritmo de jogo ideal, o Flamengo entra em campo neste domingo, \u00e0s 11 horas, para enfrentar o Botafogo, no cl\u00e1ssico da quinta rodada do Campeonato Brasileiro, que ser\u00e1 disputado no Maracan\u00e3.<\/p>\n<p>&nbsp;<\/p>\n<p><strong>Fonte: Terra<\/strong><\/p>\n<p>&nbsp;<\/p>\n","protected":false},"excerpt":{"rendered":"<p>Contratado para substituir Rafinha, o chileno Mauricio Isla, de 32 anos, desembarcou no Rio de Janeiro no come\u00e7o da manh\u00e3 deste s\u00e1bado, 22, acompanhado da esposa e da filha, e foi recebido por torcedores do Flamengo, que ignoraram a chuva e o frio para fazer festa para o novo refor\u00e7o. Isla desembarcou no Aeroporto do &hellip;<\/p>\n","protected":false},"author":1,"featured_media":8869,"comment_status":"open","ping_status":"open","sticky":false,"template":"","format":"standard","meta":{"_jetpack_newsletter_access":"","_jetpack_dont_email_post_to_subs":false,"_jetpack_newsletter_tier_id":0,"_jetpack_memberships_contains_paywalled_content":false,"_jetpack_memberships_contains_paid_content":false,"footnotes":""},"categories":[1],"tags":[],"class_list":["post-8868","post","type-post","status-publish","format-standard","has-post-thumbnail","hentry","category-destaque"],"jetpack_sharing_enabled":true,"jetpack_featured_media_url":"","_links":{"self":[{"href":"https:\/\/www.oparanews.com.br\/index.php\/wp-json\/wp\/v2\/posts\/8868","targetHints":{"allow":["GET"]}}],"collection":[{"href":"https:\/\/www.oparanews.com.br\/index.php\/wp-json\/wp\/v2\/posts"}],"about":[{"href":"https:\/\/www.oparanews.com.br\/index.php\/wp-json\/wp\/v2\/types\/post"}],"author":[{"embeddable":true,"href":"https:\/\/www.oparanews.com.br\/index.php\/wp-json\/wp\/v2\/users\/1"}],"replies":[{"embeddable":true,"href":"https:\/\/www.oparanews.com.br\/index.php\/wp-json\/wp\/v2\/comments?post=8868"}],"version-history":[{"count":0,"href":"https:\/\/www.oparanews.com.br\/index.php\/wp-json\/wp\/v2\/posts\/8868\/revisions"}],"wp:attachment":[{"href":"https:\/\/www.oparanews.com.br\/index.php\/wp-json\/wp\/v2\/media?parent=8868"}],"wp:term":[{"taxonomy":"category","embeddable":true,"href":"https:\/\/www.oparanews.com.br\/index.php\/wp-json\/wp\/v2\/categories?post=8868"},{"taxonomy":"post_tag","embeddable":true,"href":"https:\/\/www.oparanews.com.br\/index.php\/wp-json\/wp\/v2\/tags?post=8868"}],"curies":[{"name":"wp","href":"https:\/\/api.w.org\/{rel}","templated":true}]}}