{"id":8871,"date":"2020-08-22T19:02:10","date_gmt":"2020-08-22T19:02:10","guid":{"rendered":"https:\/\/oparanews.com.br\/?p=8871"},"modified":"2020-08-22T19:02:10","modified_gmt":"2020-08-22T19:02:10","slug":"leo-dias-perde-acao-e-tera-que-pagar-fortuna-para-ex-bbb","status":"publish","type":"post","link":"https:\/\/www.oparanews.com.br\/index.php\/2020\/08\/22\/leo-dias-perde-acao-e-tera-que-pagar-fortuna-para-ex-bbb\/","title":{"rendered":"Leo Dias perde a\u00e7\u00e3o e ter\u00e1 que pagar fortuna para ex-BBB"},"content":{"rendered":"<p>O ex-BBB Marcos Harter comemorou uma vit\u00f3ria na Justi\u00e7a contra o colunista Leo Dias. O processo movido por ele foi conclu\u00eddo e o resultado foi favor\u00e1vel ao m\u00e9dico, que fez quest\u00e3o de exp\u00f4r o resultado aos f\u00e3s.<\/p>\n<p>Em seu perfil no Instagram, ele destacou que ser\u00e1 indenizado por Leo e receber\u00e1 dele nada menos que R$ 21.110,94 pelos crimes de cal\u00fania e difama\u00e7\u00e3o. A publica\u00e7\u00e3o foi feita em tom de deboche, com data limite para o pagamento.<\/p>\n<p>\u201cVoc\u00ea tem 15 dias, t\u00e1 Leo?\u201d, provocou. \u201cEu trago essa not\u00edcia n\u00e3o para me exibir mas para a popula\u00e7\u00e3o que est\u00e1 um pouco desacreditada na justi\u00e7a brasileira. De fato, a justi\u00e7a existe e voc\u00eas devem buscar os seus direitos\u201d, disse ainda.<\/p>\n<p>\u201cLeo Dias, eu n\u00e3o tenho nada pessoal contra voc\u00ea. Eu nem sei de fato qual \u00e9 o seu trabalho, mas infelizmente eu tive que buscar os meus direitos. Voc\u00ea me caluniou, me difamou, voc\u00ea tentou me diminuir profissionalmente\u201d, declarou.<\/p>\n<p>\u201cAcho errado o que voc\u00ea fez e acho que at\u00e9 ta barato o que voc\u00ea fez\u201d, completou. Nos coment\u00e1rios, ele recebeu o apoio dos admiradores.<\/p>\n<p>&nbsp;<\/p>\n<p><strong>Fonte: RD1<\/strong><\/p>\n<p>&nbsp;<\/p>\n","protected":false},"excerpt":{"rendered":"<p>O ex-BBB Marcos Harter comemorou uma vit\u00f3ria na Justi\u00e7a contra o colunista Leo Dias. O processo movido por ele foi conclu\u00eddo e o resultado foi favor\u00e1vel ao m\u00e9dico, que fez quest\u00e3o de exp\u00f4r o resultado aos f\u00e3s. Em seu perfil no Instagram, ele destacou que ser\u00e1 indenizado por Leo e receber\u00e1 dele nada menos que &hellip;<\/p>\n","protected":false},"author":1,"featured_media":8872,"comment_status":"open","ping_status":"open","sticky":false,"template":"","format":"standard","meta":{"_jetpack_newsletter_access":"","_jetpack_dont_email_post_to_subs":false,"_jetpack_newsletter_tier_id":0,"_jetpack_memberships_contains_paywalled_content":false,"_jetpack_memberships_contains_paid_content":false,"footnotes":""},"categories":[1],"tags":[],"class_list":["post-8871","post","type-post","status-publish","format-standard","has-post-thumbnail","hentry","category-destaque"],"jetpack_sharing_enabled":true,"jetpack_featured_media_url":"","_links":{"self":[{"href":"https:\/\/www.oparanews.com.br\/index.php\/wp-json\/wp\/v2\/posts\/8871","targetHints":{"allow":["GET"]}}],"collection":[{"href":"https:\/\/www.oparanews.com.br\/index.php\/wp-json\/wp\/v2\/posts"}],"about":[{"href":"https:\/\/www.oparanews.com.br\/index.php\/wp-json\/wp\/v2\/types\/post"}],"author":[{"embeddable":true,"href":"https:\/\/www.oparanews.com.br\/index.php\/wp-json\/wp\/v2\/users\/1"}],"replies":[{"embeddable":true,"href":"https:\/\/www.oparanews.com.br\/index.php\/wp-json\/wp\/v2\/comments?post=8871"}],"version-history":[{"count":0,"href":"https:\/\/www.oparanews.com.br\/index.php\/wp-json\/wp\/v2\/posts\/8871\/revisions"}],"wp:attachment":[{"href":"https:\/\/www.oparanews.com.br\/index.php\/wp-json\/wp\/v2\/media?parent=8871"}],"wp:term":[{"taxonomy":"category","embeddable":true,"href":"https:\/\/www.oparanews.com.br\/index.php\/wp-json\/wp\/v2\/categories?post=8871"},{"taxonomy":"post_tag","embeddable":true,"href":"https:\/\/www.oparanews.com.br\/index.php\/wp-json\/wp\/v2\/tags?post=8871"}],"curies":[{"name":"wp","href":"https:\/\/api.w.org\/{rel}","templated":true}]}}