{"id":8877,"date":"2020-08-22T19:08:24","date_gmt":"2020-08-22T19:08:24","guid":{"rendered":"https:\/\/oparanews.com.br\/?p=8877"},"modified":"2020-08-22T19:08:24","modified_gmt":"2020-08-22T19:08:24","slug":"mil-pessoas-curadas-e-13-obitos-sems-penedo-atualiza-boletim-covid-19","status":"publish","type":"post","link":"https:\/\/www.oparanews.com.br\/index.php\/2020\/08\/22\/mil-pessoas-curadas-e-13-obitos-sems-penedo-atualiza-boletim-covid-19\/","title":{"rendered":"Mil pessoas curadas e 13 \u00f3bitos: SEMS Penedo atualiza boletim Covid-19"},"content":{"rendered":"<p>A Secretaria Municipal de Sa\u00fade (SEMS) de Penedo atualizou os dados relacionados \u00e0 pandemia da Covid-19. Os n\u00fameros mais recentes mostram mil pessoas curadas da doen\u00e7a entre os 1.054 casos confirmados de cont\u00e1gio pelo novo coronav\u00edrus no munic\u00edpio at\u00e9 este in\u00edcio de final de semana.<\/p>\n<p><a href=\"https:\/\/oparanews.com.br\/wp-content\/uploads\/2020\/08\/Sem-t\u00edtulo-126.jpg\"><img loading=\"lazy\" decoding=\"async\" class=\"alignleft size-medium wp-image-8878\" src=\"https:\/\/oparanews.com.br\/wp-content\/uploads\/2020\/08\/Sem-t\u00edtulo-126-273x300.jpg\" alt=\"\" width=\"273\" height=\"300\" \/><\/a>Desde o primeiro caso confirmado de paciente infectado por Covid-19 em Penedo, registrado em 28 de abril, 1.066 situa\u00e7\u00f5es foram descartadas por meio de diagn\u00f3stico cl\u00ednico e realiza\u00e7\u00e3o de exame.<\/p>\n<p>Atualmente, h\u00e1 tr\u00eas casos suspeitos e 92 pessoas sendo monitoradas por equipes da SEMS Penedo.<\/p>\n<p>O boletim epidemiol\u00f3gico fechado ontem (sexta-feira, 21) informa o 13\u00ba \u00f3bito por Covid-19 em Penedo. A v\u00edtima \u00e9 uma mulher de 79 anos, diab\u00e9tica, que faleceu no Hospital da Mulher, em Macei\u00f3, segundo informa a Secretaria de Estado da Sa\u00fade (Sesau).<\/p>\n<p>Localidades com maior incid\u00eancia de Covid-19<\/p>\n<p>O boletim epidemiol\u00f3gico atualizado mostra que a maioria dos casos confirmados de Covid-19 em Penedo est\u00e3o concentrados nos bairros de maior densidade populacional. Assim, o Dom Constantino aparece com 313 registros e o Santa Luzia com 201.<\/p>\n<p>Confira a distribui\u00e7\u00e3o completa, inclusive na zona rural, no quadro abaixo.<\/p>\n<p><a href=\"https:\/\/oparanews.com.br\/wp-content\/uploads\/2020\/08\/Sem-t\u00edtulo-128.jpg\"><img loading=\"lazy\" decoding=\"async\" class=\"alignleft size-medium wp-image-8880\" src=\"https:\/\/oparanews.com.br\/wp-content\/uploads\/2020\/08\/Sem-t\u00edtulo-128-273x300.jpg\" alt=\"\" width=\"273\" height=\"300\" \/><\/a><\/p>\n<p>&nbsp;<\/p>\n<p>&nbsp;<\/p>\n<p><strong>por Fernando Vin\u00edcius \u2013 Decom PMP<\/strong><\/p>\n<p>&nbsp;<\/p>\n","protected":false},"excerpt":{"rendered":"<p>A Secretaria Municipal de Sa\u00fade (SEMS) de Penedo atualizou os dados relacionados \u00e0 pandemia da Covid-19. Os n\u00fameros mais recentes mostram mil pessoas curadas da doen\u00e7a entre os 1.054 casos confirmados de cont\u00e1gio pelo novo coronav\u00edrus no munic\u00edpio at\u00e9 este in\u00edcio de final de semana. Desde o primeiro caso confirmado de paciente infectado por Covid-19 &hellip;<\/p>\n","protected":false},"author":1,"featured_media":8879,"comment_status":"open","ping_status":"open","sticky":false,"template":"","format":"standard","meta":{"_jetpack_newsletter_access":"","_jetpack_dont_email_post_to_subs":false,"_jetpack_newsletter_tier_id":0,"_jetpack_memberships_contains_paywalled_content":false,"_jetpack_memberships_contains_paid_content":false,"footnotes":""},"categories":[1],"tags":[],"class_list":["post-8877","post","type-post","status-publish","format-standard","has-post-thumbnail","hentry","category-destaque"],"jetpack_sharing_enabled":true,"jetpack_featured_media_url":"","_links":{"self":[{"href":"https:\/\/www.oparanews.com.br\/index.php\/wp-json\/wp\/v2\/posts\/8877","targetHints":{"allow":["GET"]}}],"collection":[{"href":"https:\/\/www.oparanews.com.br\/index.php\/wp-json\/wp\/v2\/posts"}],"about":[{"href":"https:\/\/www.oparanews.com.br\/index.php\/wp-json\/wp\/v2\/types\/post"}],"author":[{"embeddable":true,"href":"https:\/\/www.oparanews.com.br\/index.php\/wp-json\/wp\/v2\/users\/1"}],"replies":[{"embeddable":true,"href":"https:\/\/www.oparanews.com.br\/index.php\/wp-json\/wp\/v2\/comments?post=8877"}],"version-history":[{"count":0,"href":"https:\/\/www.oparanews.com.br\/index.php\/wp-json\/wp\/v2\/posts\/8877\/revisions"}],"wp:attachment":[{"href":"https:\/\/www.oparanews.com.br\/index.php\/wp-json\/wp\/v2\/media?parent=8877"}],"wp:term":[{"taxonomy":"category","embeddable":true,"href":"https:\/\/www.oparanews.com.br\/index.php\/wp-json\/wp\/v2\/categories?post=8877"},{"taxonomy":"post_tag","embeddable":true,"href":"https:\/\/www.oparanews.com.br\/index.php\/wp-json\/wp\/v2\/tags?post=8877"}],"curies":[{"name":"wp","href":"https:\/\/api.w.org\/{rel}","templated":true}]}}