{"id":8885,"date":"2020-08-22T19:12:26","date_gmt":"2020-08-22T19:12:26","guid":{"rendered":"https:\/\/oparanews.com.br\/?p=8885"},"modified":"2020-08-22T19:12:26","modified_gmt":"2020-08-22T19:12:26","slug":"vereadores-cobram-repasse-de-verba-para-uti-da-santa-casa-de-penedo","status":"publish","type":"post","link":"https:\/\/www.oparanews.com.br\/index.php\/2020\/08\/22\/vereadores-cobram-repasse-de-verba-para-uti-da-santa-casa-de-penedo\/","title":{"rendered":"Vereadores cobram repasse de verba para UTI da Santa Casa de Penedo"},"content":{"rendered":"<p>A Unidade Tratamento Intensivo da Santa Casa de Penedo ainda n\u00e3o recebeu os recursos destinados \u00e0 manuten\u00e7\u00e3o do servi\u00e7o inaugurado em 26 de junho.<\/p>\n<p>Com sete leitos de UTI e 18 cl\u00ednicos, o investimento criado, a princ\u00edpio, para atender v\u00edtimas da Covid-19, s\u00f3 funciona porque a Santa Casa est\u00e1 usando reserva financeira pr\u00f3pria, segundo seu provedor, o biom\u00e9dico e empres\u00e1rio Eduardo Regueira.<\/p>\n<p>Preocupados com o risco da interrup\u00e7\u00e3o do servi\u00e7o de alta complexidade, os vereadores de Penedo cobram da administra\u00e7\u00e3o estadual o repasse prometido pelo pr\u00f3prio governador Renan Filho, no dia da abertura do servi\u00e7o.<\/p>\n<p>O compromisso p\u00fablico foi firmado porque a Santa Casa de Penedo ainda n\u00e3o receberia, de imediato, o custeio enviado pelo governo federal que, por sua vez, tamb\u00e9m n\u00e3o encaminhou o recurso espec\u00edfico aos estados.<\/p>\n<p>A falta da verba para a assist\u00eancia especializada e de alta complexidade, no combate a pandemia que se aproxima de 1.800 mortes somente em Alagoas, foi apresentada na C\u00e2mara Municipal de Penedo (CMP) pelo Vereador Fagner Matias nesta quinta-feira, 20 de agosto.<\/p>\n<p>A cobran\u00e7a de solu\u00e7\u00e3o para o problema est\u00e1 expressa em documento assinado por todos os representantes do povo penedense que voltaram a se reunir, de forma presencial, na Sala das Sess\u00f5es Sabino Romariz.<\/p>\n<p>&nbsp;<\/p>\n<p><strong>por Fernando Vin\u00edcius &#8211; Ascom CMP<\/strong><\/p>\n<p>&nbsp;<\/p>\n","protected":false},"excerpt":{"rendered":"<p>A Unidade Tratamento Intensivo da Santa Casa de Penedo ainda n\u00e3o recebeu os recursos destinados \u00e0 manuten\u00e7\u00e3o do servi\u00e7o inaugurado em 26 de junho. Com sete leitos de UTI e 18 cl\u00ednicos, o investimento criado, a princ\u00edpio, para atender v\u00edtimas da Covid-19, s\u00f3 funciona porque a Santa Casa est\u00e1 usando reserva financeira pr\u00f3pria, segundo seu &hellip;<\/p>\n","protected":false},"author":1,"featured_media":8886,"comment_status":"open","ping_status":"open","sticky":false,"template":"","format":"standard","meta":{"_jetpack_newsletter_access":"","_jetpack_dont_email_post_to_subs":false,"_jetpack_newsletter_tier_id":0,"_jetpack_memberships_contains_paywalled_content":false,"_jetpack_memberships_contains_paid_content":false,"footnotes":""},"categories":[1],"tags":[],"class_list":["post-8885","post","type-post","status-publish","format-standard","has-post-thumbnail","hentry","category-destaque"],"jetpack_sharing_enabled":true,"jetpack_featured_media_url":"","_links":{"self":[{"href":"https:\/\/www.oparanews.com.br\/index.php\/wp-json\/wp\/v2\/posts\/8885","targetHints":{"allow":["GET"]}}],"collection":[{"href":"https:\/\/www.oparanews.com.br\/index.php\/wp-json\/wp\/v2\/posts"}],"about":[{"href":"https:\/\/www.oparanews.com.br\/index.php\/wp-json\/wp\/v2\/types\/post"}],"author":[{"embeddable":true,"href":"https:\/\/www.oparanews.com.br\/index.php\/wp-json\/wp\/v2\/users\/1"}],"replies":[{"embeddable":true,"href":"https:\/\/www.oparanews.com.br\/index.php\/wp-json\/wp\/v2\/comments?post=8885"}],"version-history":[{"count":0,"href":"https:\/\/www.oparanews.com.br\/index.php\/wp-json\/wp\/v2\/posts\/8885\/revisions"}],"wp:attachment":[{"href":"https:\/\/www.oparanews.com.br\/index.php\/wp-json\/wp\/v2\/media?parent=8885"}],"wp:term":[{"taxonomy":"category","embeddable":true,"href":"https:\/\/www.oparanews.com.br\/index.php\/wp-json\/wp\/v2\/categories?post=8885"},{"taxonomy":"post_tag","embeddable":true,"href":"https:\/\/www.oparanews.com.br\/index.php\/wp-json\/wp\/v2\/tags?post=8885"}],"curies":[{"name":"wp","href":"https:\/\/api.w.org\/{rel}","templated":true}]}}