{"id":8900,"date":"2020-08-23T17:50:50","date_gmt":"2020-08-23T17:50:50","guid":{"rendered":"https:\/\/oparanews.com.br\/?p=8900"},"modified":"2020-08-23T17:50:50","modified_gmt":"2020-08-23T17:50:50","slug":"bombeiros-civis-salvam-crianca-pai-e-tio-de-afogamento-no-pontal-do-peba","status":"publish","type":"post","link":"https:\/\/www.oparanews.com.br\/index.php\/2020\/08\/23\/bombeiros-civis-salvam-crianca-pai-e-tio-de-afogamento-no-pontal-do-peba\/","title":{"rendered":"Bombeiros civis salvam crian\u00e7a, pai e tio de afogamento no Pontal do Peba"},"content":{"rendered":"<p>Bombeiros civis salvaram uma menina de 10 anos, o pai e o tio dela de afogamento na tarde deste domingo (23), no Pontal do Peba, em Pia\u00e7abu\u00e7u, no Litoral Sul de Alagoas.<\/p>\n<p>O pai, a menina e a m\u00e3e, que acompanhou aflita o salvamento, s\u00e3o de Arapiraca, e o tio, \u00e9 de S\u00e3o Sebasti\u00e3o.<\/p>\n<p>A chefe do grupo de bombeiros &#8220;Os Guardi\u00f5es&#8221;, Rafa Rios, contou que o salvamento ocorreu em uma regi\u00e3o conhecida como Maracuj\u00e1 ou Barrinha, onde h\u00e1 uma vala. A menina se afogou e o pai e o tio tentaram resgat\u00e1-la, mas n\u00e3o conseguiram e tamb\u00e9m precisaram ser salvos.<\/p>\n<p>&#8220;Sem conhecer o local adentraram na \u00e1gua, quando a menina de 10 anos se distanciou, o pai tentou resgata-l\u00e1, mas n\u00e3o sabia nadar e o tio da mesma tamb\u00e9m tentou, mas tamb\u00e9m n\u00e3o conseguiu. Ao visualizar, de imediato os bombeiros civis entraram na \u00e1gua e fizeram o resgate dos 3 envolvidos&#8221;, contou a bombeira civil.<\/p>\n<p>Rafa Rios explicou que os bombeiros civis j\u00e1 realizam salvamentos h\u00e1 tr\u00eas anos na regi\u00e3o e nunca houve \u00f3bitos por afogamento. Ela disse que n\u00e3o foi a primeira vez que houve princ\u00edpio de afogamento na Praia do Pontal do Peba.<\/p>\n<p>A equipe de bombeiros que salvou a fam\u00edlia \u00e9 formada por Adriana Lima, Ven\u00e2ncio Santos, Neilton Rodrigues, que entraram na \u00e1gua, e Rafa Rios, que \u00e9 chefe de guarni\u00e7\u00e3o.<\/p>\n<p>&nbsp;<\/p>\n<p><strong>Fonte: G1\/AL<\/strong><\/p>\n<p>&nbsp;<\/p>\n","protected":false},"excerpt":{"rendered":"<p>Bombeiros civis salvaram uma menina de 10 anos, o pai e o tio dela de afogamento na tarde deste domingo (23), no Pontal do Peba, em Pia\u00e7abu\u00e7u, no Litoral Sul de Alagoas. O pai, a menina e a m\u00e3e, que acompanhou aflita o salvamento, s\u00e3o de Arapiraca, e o tio, \u00e9 de S\u00e3o Sebasti\u00e3o. A &hellip;<\/p>\n","protected":false},"author":1,"featured_media":8901,"comment_status":"open","ping_status":"open","sticky":false,"template":"","format":"standard","meta":{"_jetpack_newsletter_access":"","_jetpack_dont_email_post_to_subs":false,"_jetpack_newsletter_tier_id":0,"_jetpack_memberships_contains_paywalled_content":false,"_jetpack_memberships_contains_paid_content":false,"footnotes":""},"categories":[1],"tags":[],"class_list":["post-8900","post","type-post","status-publish","format-standard","has-post-thumbnail","hentry","category-destaque"],"jetpack_sharing_enabled":true,"jetpack_featured_media_url":"","_links":{"self":[{"href":"https:\/\/www.oparanews.com.br\/index.php\/wp-json\/wp\/v2\/posts\/8900","targetHints":{"allow":["GET"]}}],"collection":[{"href":"https:\/\/www.oparanews.com.br\/index.php\/wp-json\/wp\/v2\/posts"}],"about":[{"href":"https:\/\/www.oparanews.com.br\/index.php\/wp-json\/wp\/v2\/types\/post"}],"author":[{"embeddable":true,"href":"https:\/\/www.oparanews.com.br\/index.php\/wp-json\/wp\/v2\/users\/1"}],"replies":[{"embeddable":true,"href":"https:\/\/www.oparanews.com.br\/index.php\/wp-json\/wp\/v2\/comments?post=8900"}],"version-history":[{"count":0,"href":"https:\/\/www.oparanews.com.br\/index.php\/wp-json\/wp\/v2\/posts\/8900\/revisions"}],"wp:attachment":[{"href":"https:\/\/www.oparanews.com.br\/index.php\/wp-json\/wp\/v2\/media?parent=8900"}],"wp:term":[{"taxonomy":"category","embeddable":true,"href":"https:\/\/www.oparanews.com.br\/index.php\/wp-json\/wp\/v2\/categories?post=8900"},{"taxonomy":"post_tag","embeddable":true,"href":"https:\/\/www.oparanews.com.br\/index.php\/wp-json\/wp\/v2\/tags?post=8900"}],"curies":[{"name":"wp","href":"https:\/\/api.w.org\/{rel}","templated":true}]}}