{"id":8903,"date":"2020-08-23T21:23:47","date_gmt":"2020-08-23T21:23:47","guid":{"rendered":"https:\/\/oparanews.com.br\/?p=8903"},"modified":"2020-08-23T21:23:47","modified_gmt":"2020-08-23T21:23:47","slug":"alagoas-tem-75-857-casos-e-1-818-mortes-por-covid-19","status":"publish","type":"post","link":"https:\/\/www.oparanews.com.br\/index.php\/2020\/08\/23\/alagoas-tem-75-857-casos-e-1-818-mortes-por-covid-19\/","title":{"rendered":"Alagoas tem 75.857 casos e 1.818 mortes por Covid-19"},"content":{"rendered":"<p>Alagoas registrou 75.857 casos confirmados e 1.818 mortes por Covid-19 desde o in\u00edcio da pandemia. Os dados foram divulgados neste domingo (23) pela Secretaria de Estado da Sa\u00fade (Sesau).<\/p>\n<p>O boletim mostrou que 387 novos casos e 8 \u00f3bitos causados pela doen\u00e7a foram registrados em territ\u00f3rio alagoano nas \u00faltimas 24 horas.<\/p>\n<p>O n\u00famero de casos suspeitos passou de 1.617 para 2.488. Entre os pacientes que tiveram Covid-19, 69.959 est\u00e3o recuperados.<\/p>\n<p>Das oito v\u00edtimas, quatro moravam em Macei\u00f3 e outras quatro no interior de Alagoas.<\/p>\n<p>O boletim de ocupa\u00e7\u00e3o de leitos mais recente mostrou que at\u00e9 as 20h42 de sexta-feira (21), 22% dos leitos exclusivos para Covid-19 estavam ocupados. Levando em considera\u00e7\u00e3o somente a ocupa\u00e7\u00e3o de leitos de UTI, 40% desse tipo de leito estavam ocupados.<\/p>\n<p>Mais 8 mortes por Covid-19<\/p>\n<p>Macei\u00f3: Homem, 71 anos \u2013 hipertenso<br \/>\nMacei\u00f3: Homem, 68 anos &#8211; diab\u00e9tico<br \/>\nMacei\u00f3: Mulher, 62 anos \u2013 sem comorbidades<br \/>\nMacei\u00f3: Mulher, 56 anos &#8211; sem comorbidades<br \/>\nUni\u00e3o dos Palmares: Mulher, 34 anos &#8211; sem comorbidades<br \/>\nTeot\u00f4nio Vilela, 84 anos &#8211; sem comorbidades<br \/>\nAnadia: Mulher, 80 anos &#8211; sem comorbidades<br \/>\nTeot\u00f4nio Vilela, 88 anos &#8211; diab\u00e9tico<\/p>\n<p>&nbsp;<\/p>\n<p><strong>Fonte: G1\/AL<\/strong><\/p>\n<p>&nbsp;<\/p>\n","protected":false},"excerpt":{"rendered":"<p>Alagoas registrou 75.857 casos confirmados e 1.818 mortes por Covid-19 desde o in\u00edcio da pandemia. Os dados foram divulgados neste domingo (23) pela Secretaria de Estado da Sa\u00fade (Sesau). O boletim mostrou que 387 novos casos e 8 \u00f3bitos causados pela doen\u00e7a foram registrados em territ\u00f3rio alagoano nas \u00faltimas 24 horas. O n\u00famero de casos &hellip;<\/p>\n","protected":false},"author":1,"featured_media":5199,"comment_status":"open","ping_status":"open","sticky":false,"template":"","format":"standard","meta":{"_jetpack_newsletter_access":"","_jetpack_dont_email_post_to_subs":false,"_jetpack_newsletter_tier_id":0,"_jetpack_memberships_contains_paywalled_content":false,"_jetpack_memberships_contains_paid_content":false,"footnotes":""},"categories":[1],"tags":[],"class_list":["post-8903","post","type-post","status-publish","format-standard","has-post-thumbnail","hentry","category-destaque"],"jetpack_sharing_enabled":true,"jetpack_featured_media_url":"","_links":{"self":[{"href":"https:\/\/www.oparanews.com.br\/index.php\/wp-json\/wp\/v2\/posts\/8903","targetHints":{"allow":["GET"]}}],"collection":[{"href":"https:\/\/www.oparanews.com.br\/index.php\/wp-json\/wp\/v2\/posts"}],"about":[{"href":"https:\/\/www.oparanews.com.br\/index.php\/wp-json\/wp\/v2\/types\/post"}],"author":[{"embeddable":true,"href":"https:\/\/www.oparanews.com.br\/index.php\/wp-json\/wp\/v2\/users\/1"}],"replies":[{"embeddable":true,"href":"https:\/\/www.oparanews.com.br\/index.php\/wp-json\/wp\/v2\/comments?post=8903"}],"version-history":[{"count":0,"href":"https:\/\/www.oparanews.com.br\/index.php\/wp-json\/wp\/v2\/posts\/8903\/revisions"}],"wp:attachment":[{"href":"https:\/\/www.oparanews.com.br\/index.php\/wp-json\/wp\/v2\/media?parent=8903"}],"wp:term":[{"taxonomy":"category","embeddable":true,"href":"https:\/\/www.oparanews.com.br\/index.php\/wp-json\/wp\/v2\/categories?post=8903"},{"taxonomy":"post_tag","embeddable":true,"href":"https:\/\/www.oparanews.com.br\/index.php\/wp-json\/wp\/v2\/tags?post=8903"}],"curies":[{"name":"wp","href":"https:\/\/api.w.org\/{rel}","templated":true}]}}