{"id":8924,"date":"2020-08-24T14:28:58","date_gmt":"2020-08-24T14:28:58","guid":{"rendered":"https:\/\/oparanews.com.br\/?p=8924"},"modified":"2020-08-24T14:28:58","modified_gmt":"2020-08-24T14:28:58","slug":"todo-o-interior-de-alagoas-passa-para-a-fase-amarela","status":"publish","type":"post","link":"https:\/\/www.oparanews.com.br\/index.php\/2020\/08\/24\/todo-o-interior-de-alagoas-passa-para-a-fase-amarela\/","title":{"rendered":"Todo o interior de Alagoas passa para a fase amarela"},"content":{"rendered":"<p>O governo de Alagoas anunciou mais uma mudan\u00e7a no distanciamento social controlado a partir de ter\u00e7a-feira (25), passando os munic\u00edpios do Sert\u00e3o da fase laranja para a fase amarela, flexibilizando um pouco mais as regras de preven\u00e7\u00e3o ao cont\u00e1gio do novo coronav\u00edrus. As demais regi\u00f5es do interior j\u00e1 estavam na fase amarela e a capital, na fase azul.<\/p>\n<p>A nova etapa segue a divis\u00e3o do estado em 10 regi\u00f5es sanit\u00e1rias, de acordo com as diretrizes da Matriz de Risco, que norteia a reabertura gradativa dos setores produtivos em cinco fases, classificadas nas cores vermelha, laranja, amarela, azul e verde (veja ao final do texto o setores inclu\u00eddos em cada fase).<\/p>\n<p>&#8220;N\u00f3s tivemos o menor n\u00famero de \u00f3bitos nas \u00faltimas 17 semanas e segue em queda cont\u00ednua nas \u00faltimas 12 semanas. Em Macei\u00f3, na \u00faltima semana epidemiol\u00f3gica, tivemos uma morte, o menor n\u00famero de \u00f3bitos nas \u00faltimas 15 semanas. A capital teve um pico antes do interior, mas de l\u00e1 para c\u00e1 eles est\u00e3o em quedas simult\u00e2neas, muito parecidas&#8221;, disse o secret\u00e1rio Fabr\u00edcio Marques, da Secretaria de Estado do Planejamento, Gest\u00e3o e Patrim\u00f4nio (Seplag).<\/p>\n<p>Embora n\u00e3o tenha feito mudan\u00e7as na capital, o governador Renan Filho (MDB) citou o desempenho de Macei\u00f3 no combate \u00e0 Covid-19, ressaltando a queda expressiva no n\u00famero de mortes causadas pela doen\u00e7a.<\/p>\n<p>&#8220;N\u00f3s temos agora menos de um \u00f3bito\/dia por Covid-19. Nosso sentimento \u00e9 de que a gente precisa manter as medidas de distanciamento, lavando as m\u00e3os usar mascar, mas obviamente h\u00e1 uma clara involu\u00e7\u00e3o de \u00f3bitos na capital, o que permite a gente dar novos passos gradativamente, com muita seriedade&#8221;, disse o governador Renan Filho (MDB).<\/p>\n<p><strong>Retorno das aulas presenciais<\/strong><\/p>\n<p>Ainda n\u00e3o h\u00e1 previs\u00e3o para o retorno das aulas presenciais no estado. Escolas p\u00fablicas, privadas e cursos seguem apenas com atividades online.<\/p>\n<p>&#8220;N\u00f3s vamos aproveitar esse per\u00edodo at\u00e9 o final do m\u00eas de agosto para avan\u00e7ar na discuss\u00e3o da educa\u00e7\u00e3o. Discutir com a comunidade educacional, ouvir os professores, alunos e fam\u00edlias para que a gente tenha um sentimento m\u00e9dio da sociedade com rela\u00e7\u00e3o ao retorno&#8221;, afirmou Renan Filho.<\/p>\n<p>Foi sinalizada tamb\u00e9m a possibilidade de uma retomada gradativa, ainda sem data definida, considerando as necessidades espec\u00edficas de cada segmento, como o setor privado, que tem cobrado uma solu\u00e7\u00e3o para conseguir manter seus neg\u00f3cios funcionando.<\/p>\n<p>&#8220;N\u00f3s vamos levar em conta essas peculiaridades e, quem sabe, fazer uma gradativa abertura dos segmentos da educa\u00e7\u00e3o, que \u00e9 ampla. Desde a educa\u00e7\u00e3o infantil at\u00e9 a universidade, cursos espec\u00edficos, de l\u00ednguas, de maneira que esse leque t\u00e3o grande pode nos dar a oportunidade de iniciar uma abertura gradual&#8221;, considerou o governador.<\/p>\n<p>De acordo com Renan Filho, o secret\u00e1rio F\u00e1bio Farias e a secret\u00e1ria da Educa\u00e7\u00e3o, Laura Souza, est\u00e3o reunindo propostas que deram certo em outros estados para adotar em Alagoas as melhores pr\u00e1ticas e adequar as escolas \u00e0s necessidades sanit\u00e1rias.<\/p>\n<p><strong>Cultura<\/strong><\/p>\n<p>Outro segmento destacado pelo governador Renan Filho foi o setor de cultura, que tamb\u00e9m n\u00e3o tem data para retomada dos servi\u00e7os e eventos presenciais.<\/p>\n<p>&#8220;A Secretaria da Sa\u00fade entende que o segmento de eventos deve aguardar um pouco mais para que a gente tenha certeza do comportamento da pandemia. Mas n\u00f3s j\u00e1 vamos tamb\u00e9m iniciar um amplo di\u00e1logo com todo o segmento para que a gente possa, dentro dos tipos de eventos, contribuir para que a gente possa, gradativamente, desenvolver condi\u00e7\u00f5es para que a retomada possa acontecer&#8221;, explicou.<\/p>\n<p>Veja as permiss\u00f5es para reabertura em cada fase:<\/p>\n<p>FASE VERMELHA &#8211; Est\u00e3o mantidas as atuais regras de isolamento e distanciamento sociais.<\/p>\n<p>FASE LARANJA &#8211; Aplica\u00e7\u00e3o das medidas sanit\u00e1rias gerais e aplica\u00e7\u00e3o das medidas espec\u00edficas para cada setor autorizado:<\/p>\n<p>todos os setores autorizados na Fase Vermelha;<br \/>\nlojas ou estabelecimentos de rua com at\u00e9 400 m\u00b2 (quatrocentos metros quadrados);<br \/>\nsal\u00f5es de beleza e barbearias;<br \/>\ntemplos, igrejas e demais institui\u00e7\u00f5es religiosas, funcionando com 30% (trinta por cento de sua capacidade).<\/p>\n<p>FASE AMARELA &#8211; Mantidas as medidas sanit\u00e1rias gerais e novas permiss\u00f5es para reabertura:<\/p>\n<p>todos os setores autorizados nas Fases Vermelha e Laranja;<br \/>\nlojas ou estabelecimentos de rua acima de 400 m\u00b2 (quatrocentos metros quadrados);<br \/>\nshoppings centers, galerias, centros comerciais e estabelecimentos cong\u00eaneres;<br \/>\ntemplos, igrejas e demais institui\u00e7\u00f5es religiosas, funcionando com 50% (cinquenta por cento) de sua capacidade;<br \/>\nbares e restaurantes, funcionando com 50% (cinquenta por cento) de sua capacidade;<br \/>\nacademias, clubes e centro de gin\u00e1stica, funcionando com 50% (cinquenta por cento) de sua capacidade;<br \/>\ntransporte intermunicipal e tur\u00edstico, funcionando com 50% (cinquenta por cento) de sua capacidade.<\/p>\n<p>FASE AZUL &#8211; Mantidas as medidas sanit\u00e1rias gerais e novas permiss\u00f5es para reabertura:<\/p>\n<p>todos os setores autorizados nas Fases Vermelha, Laranja e Amarela;<br \/>\nbares e restaurantes, funcionando com 75% (setenta e cinco por cento) de sua capacidade;<br \/>\ntemplos, igrejas e demais institui\u00e7\u00f5es religiosas, funcionando com 75% (setenta e cinco por cento) de sua capacidade;<br \/>\ntransporte intermunicipal e tur\u00edstico, funcionando com 75% (setenta e cinco por cento) de sua capacidade.<\/p>\n<p>FASE VERDE &#8211; Mantidas as medidas sanit\u00e1rias gerais e novas permiss\u00f5es para reabertura:<\/p>\n<p>todos os setores autorizados nas Fases Vermelha, Laranja, Amarela e Azul de forma integral;<br \/>\naulas presenciais na rede p\u00fablica e privada de ensino;<br \/>\nservi\u00e7o p\u00fablico do Poder Executivo Estadual de forma presencial;<br \/>\ncinemas, teatro, museu e eventos sociais.<\/p>\n<p>&nbsp;<\/p>\n<p><strong>Fonte: G1\/AL<\/strong><\/p>\n<p>&nbsp;<\/p>\n","protected":false},"excerpt":{"rendered":"<p>O governo de Alagoas anunciou mais uma mudan\u00e7a no distanciamento social controlado a partir de ter\u00e7a-feira (25), passando os munic\u00edpios do Sert\u00e3o da fase laranja para a fase amarela, flexibilizando um pouco mais as regras de preven\u00e7\u00e3o ao cont\u00e1gio do novo coronav\u00edrus. As demais regi\u00f5es do interior j\u00e1 estavam na fase amarela e a capital, &hellip;<\/p>\n","protected":false},"author":1,"featured_media":8925,"comment_status":"open","ping_status":"open","sticky":false,"template":"","format":"standard","meta":{"_jetpack_newsletter_access":"","_jetpack_dont_email_post_to_subs":false,"_jetpack_newsletter_tier_id":0,"_jetpack_memberships_contains_paywalled_content":false,"_jetpack_memberships_contains_paid_content":false,"footnotes":""},"categories":[1],"tags":[],"class_list":["post-8924","post","type-post","status-publish","format-standard","has-post-thumbnail","hentry","category-destaque"],"jetpack_sharing_enabled":true,"jetpack_featured_media_url":"","_links":{"self":[{"href":"https:\/\/www.oparanews.com.br\/index.php\/wp-json\/wp\/v2\/posts\/8924","targetHints":{"allow":["GET"]}}],"collection":[{"href":"https:\/\/www.oparanews.com.br\/index.php\/wp-json\/wp\/v2\/posts"}],"about":[{"href":"https:\/\/www.oparanews.com.br\/index.php\/wp-json\/wp\/v2\/types\/post"}],"author":[{"embeddable":true,"href":"https:\/\/www.oparanews.com.br\/index.php\/wp-json\/wp\/v2\/users\/1"}],"replies":[{"embeddable":true,"href":"https:\/\/www.oparanews.com.br\/index.php\/wp-json\/wp\/v2\/comments?post=8924"}],"version-history":[{"count":0,"href":"https:\/\/www.oparanews.com.br\/index.php\/wp-json\/wp\/v2\/posts\/8924\/revisions"}],"wp:attachment":[{"href":"https:\/\/www.oparanews.com.br\/index.php\/wp-json\/wp\/v2\/media?parent=8924"}],"wp:term":[{"taxonomy":"category","embeddable":true,"href":"https:\/\/www.oparanews.com.br\/index.php\/wp-json\/wp\/v2\/categories?post=8924"},{"taxonomy":"post_tag","embeddable":true,"href":"https:\/\/www.oparanews.com.br\/index.php\/wp-json\/wp\/v2\/tags?post=8924"}],"curies":[{"name":"wp","href":"https:\/\/api.w.org\/{rel}","templated":true}]}}