{"id":8931,"date":"2020-08-25T02:32:14","date_gmt":"2020-08-25T02:32:14","guid":{"rendered":"https:\/\/oparanews.com.br\/?p=8931"},"modified":"2020-08-25T02:32:14","modified_gmt":"2020-08-25T02:32:14","slug":"escolas-de-mar-vermelho-al-sao-as-primeiras-no-estado-a-retomar-as-aulas-presenciais","status":"publish","type":"post","link":"https:\/\/www.oparanews.com.br\/index.php\/2020\/08\/25\/escolas-de-mar-vermelho-al-sao-as-primeiras-no-estado-a-retomar-as-aulas-presenciais\/","title":{"rendered":"Escolas de Mar Vermelho, AL, s\u00e3o as primeiras no estado a retomar as aulas presenciais"},"content":{"rendered":"<p>A cidade de Mar Vemelho, no interior de Alagoas, foi a primeira em todo estado a retomar as aulas da rede p\u00fablica de forma presencial. Segundo o boletim epidemiol\u00f3gico da Secretaria de estado da Sa\u00fade (Sesau), a cidade tem um dos menores \u00edndices de contamina\u00e7\u00e3o pelo novo coronav\u00edrus.<\/p>\n<p>A \u00faltima atualiza\u00e7\u00e3o mostrou que foram confirmados 32 casos da Covid-19 e uma morte na cidade. Os n\u00fameros fizeram com que a prefeitura tomasse a decis\u00e3o de autorizar o retorno \u00e0s aulas presenciais. Na escola municipal Orlando Lins, alunos do primeiro ao nono ano do ensino fundamental voltaram a frequentar a sala de aula no dia 27 de julho.<\/p>\n<p>Apenas alunos que chegam no \u00f4nibus escolar, funcion\u00e1rios e professores, que foram testados, podem entrar na escola. Segundo a dire\u00e7\u00e3o, todos receberam um kit de higiene pessoal e a limpeza foi refor\u00e7ada.<\/p>\n<p>&#8220;De 7h, higieniza\u00e7\u00e3o com cloro, \u00e1gua e sab\u00e3o por banca. Em cada banca, passa na banca e na cadeira. \u00c0s 10h, quando eles v\u00e3o pro lanche, j\u00e1 tem outra equipe para dar outro suporte e 11h40, quando eles largam, j\u00e1 tem uma turma para fazer a higieniza\u00e7\u00e3o na sala novamente&#8221;, explicou Gustavo Lins, diretor da unidade de ensino.<\/p>\n<p>Outras medidas de seguran\u00e7a tamb\u00e9m foram adotadas. Professores e alunos precisam usar m\u00e1scaras e, ao fim de cada aula, os alunos saem de um por um para que n\u00e3o haja aglomera\u00e7\u00e3o e possam higienizar as m\u00e3os com \u00e1lcool gel na sa\u00edda.<\/p>\n<p>O distanciamento social est\u00e1 sendo cumprido. A escola, que tem mais de 300 alunos matriculados, teve as salas de aula ampliadas e a quantidade de cadeiras reduzida. Ao inv\u00e9s de 30, agora s\u00e3o 15 estudantes em cada sala.<\/p>\n<p>&#8220;Fizemos um planejamento em dividir as turmas com at\u00e9 15 alunos por sala. Uma banca sim, outra n\u00e3o. A gente tinha quatro salas aqui sem aula, dividimos em mais quatro e usamos outras quatro da extens\u00e3o aqui da escola vizinho da gente&#8221;, disse o diretor.<\/p>\n<p>Os pais dizem que est\u00e3o tranquilos com o retorno \u00e0s aulas.<\/p>\n<p>&#8220;J\u00e1 teve alguns casos por a\u00ed mas aqui est\u00e1 tudo tranquilo. Pra mim n\u00e3o tem problema&#8221;, disse Josinete Ferreira, m\u00e3e de aluno.<\/p>\n<p>As aulas da educa\u00e7\u00e3o infantil e das creches ainda n\u00e3o foram retomadas e n\u00e3o h\u00e1 previs\u00e3o. A prefeita da cidade, Juliana Almeida , explicou que a idade desses alunos ainda n\u00e3o permite o retorno \u00e0 rotina escolar por eles n\u00e3o terem no\u00e7\u00e3o de como lidar com o protocolo de seguran\u00e7a. Para os demais alunos, ela informou que a situa\u00e7\u00e3o est\u00e1 sob controle.<\/p>\n<p>&#8220;Est\u00e1vamos todos querendo esse retorno com essa seguran\u00e7a e est\u00e1 tudo bem. S\u00e3o quase 30 dias de aula e n\u00f3s n\u00e3o temos nenhum caso, nem na escola nem de familiar do aluno da nossa escola&#8221;, finalizou a prefeita.<\/p>\n<p>&nbsp;<\/p>\n<p><strong>Fonte: G1\/AL<\/strong><\/p>\n<p>&nbsp;<\/p>\n","protected":false},"excerpt":{"rendered":"<p>A cidade de Mar Vemelho, no interior de Alagoas, foi a primeira em todo estado a retomar as aulas da rede p\u00fablica de forma presencial. Segundo o boletim epidemiol\u00f3gico da Secretaria de estado da Sa\u00fade (Sesau), a cidade tem um dos menores \u00edndices de contamina\u00e7\u00e3o pelo novo coronav\u00edrus. A \u00faltima atualiza\u00e7\u00e3o mostrou que foram confirmados &hellip;<\/p>\n","protected":false},"author":1,"featured_media":8932,"comment_status":"open","ping_status":"open","sticky":false,"template":"","format":"standard","meta":{"_jetpack_newsletter_access":"","_jetpack_dont_email_post_to_subs":false,"_jetpack_newsletter_tier_id":0,"_jetpack_memberships_contains_paywalled_content":false,"_jetpack_memberships_contains_paid_content":false,"footnotes":""},"categories":[1],"tags":[],"class_list":["post-8931","post","type-post","status-publish","format-standard","has-post-thumbnail","hentry","category-destaque"],"jetpack_sharing_enabled":true,"jetpack_featured_media_url":"","_links":{"self":[{"href":"https:\/\/www.oparanews.com.br\/index.php\/wp-json\/wp\/v2\/posts\/8931","targetHints":{"allow":["GET"]}}],"collection":[{"href":"https:\/\/www.oparanews.com.br\/index.php\/wp-json\/wp\/v2\/posts"}],"about":[{"href":"https:\/\/www.oparanews.com.br\/index.php\/wp-json\/wp\/v2\/types\/post"}],"author":[{"embeddable":true,"href":"https:\/\/www.oparanews.com.br\/index.php\/wp-json\/wp\/v2\/users\/1"}],"replies":[{"embeddable":true,"href":"https:\/\/www.oparanews.com.br\/index.php\/wp-json\/wp\/v2\/comments?post=8931"}],"version-history":[{"count":0,"href":"https:\/\/www.oparanews.com.br\/index.php\/wp-json\/wp\/v2\/posts\/8931\/revisions"}],"wp:attachment":[{"href":"https:\/\/www.oparanews.com.br\/index.php\/wp-json\/wp\/v2\/media?parent=8931"}],"wp:term":[{"taxonomy":"category","embeddable":true,"href":"https:\/\/www.oparanews.com.br\/index.php\/wp-json\/wp\/v2\/categories?post=8931"},{"taxonomy":"post_tag","embeddable":true,"href":"https:\/\/www.oparanews.com.br\/index.php\/wp-json\/wp\/v2\/tags?post=8931"}],"curies":[{"name":"wp","href":"https:\/\/api.w.org\/{rel}","templated":true}]}}