{"id":8937,"date":"2020-08-25T18:37:17","date_gmt":"2020-08-25T18:37:17","guid":{"rendered":"https:\/\/oparanews.com.br\/?p=8937"},"modified":"2020-08-25T18:37:17","modified_gmt":"2020-08-25T18:37:17","slug":"senador-flavio-bolsonaro-e-diagnosticado-com-covid-19","status":"publish","type":"post","link":"https:\/\/www.oparanews.com.br\/index.php\/2020\/08\/25\/senador-flavio-bolsonaro-e-diagnosticado-com-covid-19\/","title":{"rendered":"Senador Fl\u00e1vio Bolsonaro \u00e9 diagnosticado com covid-19"},"content":{"rendered":"<p>O senador Fl\u00e1vio Bolsonaro (Republicanos-RJ) foi diagnosticado nesta segunda (24) com Covid-19, doen\u00e7a causada pelo novo coronav\u00edrus, informou a assessoria do parlamentar.<\/p>\n<p>Fl\u00e1vio est\u00e1 sem sintomas e em isolamento em sua resid\u00eancia em Bras\u00edlia. O senador est\u00e1 utilizando hidroxicloroquina e azitromicina, embora ainda n\u00e3o haja comprova\u00e7\u00e3o m\u00e9dica para a efic\u00e1cia desses medicamentos no tratamento da covid-19.<\/p>\n<p>O senador \u00e9 o quarto da fam\u00edlia Bolsonaro a confirmar publicamente ter sido infectado pelo v\u00edrus. Antes dele, j\u00e1 foram infectados seu pai e presidente da Rep\u00fablica, Jair Bolsonaro (sem partido), a primeira-dama Michelle Bolsonaro, e seu meio-irm\u00e3o, Jair Renan.<\/p>\n<p>Segundo o presidente e a primeira-dama, ambos n\u00e3o est\u00e3o mais com o novo coronav\u00edrus. A m\u00e3e de Jair Renan e ex-mulher de Jair Bolsonaro, Ana Cristina Siqueira Valle, publicou nas redes sociais que o filho tamb\u00e9m est\u00e1 curado.<\/p>\n<p>&nbsp;<\/p>\n<p><strong>Fonte: Folhapress<\/strong><\/p>\n<p>&nbsp;<\/p>\n","protected":false},"excerpt":{"rendered":"<p>O senador Fl\u00e1vio Bolsonaro (Republicanos-RJ) foi diagnosticado nesta segunda (24) com Covid-19, doen\u00e7a causada pelo novo coronav\u00edrus, informou a assessoria do parlamentar. Fl\u00e1vio est\u00e1 sem sintomas e em isolamento em sua resid\u00eancia em Bras\u00edlia. O senador est\u00e1 utilizando hidroxicloroquina e azitromicina, embora ainda n\u00e3o haja comprova\u00e7\u00e3o m\u00e9dica para a efic\u00e1cia desses medicamentos no tratamento da &hellip;<\/p>\n","protected":false},"author":1,"featured_media":8938,"comment_status":"open","ping_status":"open","sticky":false,"template":"","format":"standard","meta":{"_jetpack_newsletter_access":"","_jetpack_dont_email_post_to_subs":false,"_jetpack_newsletter_tier_id":0,"_jetpack_memberships_contains_paywalled_content":false,"_jetpack_memberships_contains_paid_content":false,"footnotes":""},"categories":[1],"tags":[],"class_list":["post-8937","post","type-post","status-publish","format-standard","has-post-thumbnail","hentry","category-destaque"],"jetpack_sharing_enabled":true,"jetpack_featured_media_url":"","_links":{"self":[{"href":"https:\/\/www.oparanews.com.br\/index.php\/wp-json\/wp\/v2\/posts\/8937","targetHints":{"allow":["GET"]}}],"collection":[{"href":"https:\/\/www.oparanews.com.br\/index.php\/wp-json\/wp\/v2\/posts"}],"about":[{"href":"https:\/\/www.oparanews.com.br\/index.php\/wp-json\/wp\/v2\/types\/post"}],"author":[{"embeddable":true,"href":"https:\/\/www.oparanews.com.br\/index.php\/wp-json\/wp\/v2\/users\/1"}],"replies":[{"embeddable":true,"href":"https:\/\/www.oparanews.com.br\/index.php\/wp-json\/wp\/v2\/comments?post=8937"}],"version-history":[{"count":0,"href":"https:\/\/www.oparanews.com.br\/index.php\/wp-json\/wp\/v2\/posts\/8937\/revisions"}],"wp:attachment":[{"href":"https:\/\/www.oparanews.com.br\/index.php\/wp-json\/wp\/v2\/media?parent=8937"}],"wp:term":[{"taxonomy":"category","embeddable":true,"href":"https:\/\/www.oparanews.com.br\/index.php\/wp-json\/wp\/v2\/categories?post=8937"},{"taxonomy":"post_tag","embeddable":true,"href":"https:\/\/www.oparanews.com.br\/index.php\/wp-json\/wp\/v2\/tags?post=8937"}],"curies":[{"name":"wp","href":"https:\/\/api.w.org\/{rel}","templated":true}]}}