{"id":8959,"date":"2020-08-26T00:48:24","date_gmt":"2020-08-26T00:48:24","guid":{"rendered":"https:\/\/oparanews.com.br\/?p=8959"},"modified":"2020-08-26T00:48:24","modified_gmt":"2020-08-26T00:48:24","slug":"adolescente-e-agredido-pelo-pai-apos-assumir-orientacao-sexual","status":"publish","type":"post","link":"https:\/\/www.oparanews.com.br\/index.php\/2020\/08\/26\/adolescente-e-agredido-pelo-pai-apos-assumir-orientacao-sexual\/","title":{"rendered":"Adolescente \u00e9 agredido pelo pai ap\u00f3s assumir orienta\u00e7\u00e3o sexual"},"content":{"rendered":"<p>Um adolescente de 14 anos foi agredido com uma barra de ferro e espancado pelo pai e pelo irm\u00e3o em Macei\u00f3. A Delegacia de Crimes Contra a Crian\u00e7a e o Adolescente (DCCCA) informou nesta ter\u00e7a-feira (25) que as agress\u00f5es come\u00e7aram depois que ele disse ao pai ser homossexual.<\/p>\n<p>De acordo com o chefe de opera\u00e7\u00f5es da delegacia, Allan Barbosa, o adolescente mora com a m\u00e3e e conversou primeiro com ela sobre a orienta\u00e7\u00e3o sexual, na segunda (24). Depois, eles foram juntos na casa do pai para falar sobre o mesmo assunto.<\/p>\n<p>\u201cO menino mora com a m\u00e3e e foi at\u00e9 a casa do pai manifestar sua orienta\u00e7\u00e3o sexual. Ap\u00f3s a a\u00e7\u00e3o, ele foi agredido pelo pai e irm\u00e3o. A m\u00e3e sabe da orienta\u00e7\u00e3o do menino, mas n\u00e3o fez nada contra; ela ficou revoltada com o pai e o seu outro filho\u201d, disse Barbosa.<\/p>\n<p>A den\u00fancia para a delegacia foi realizada por uma pessoa an\u00f4nima, que registrou um Boletim de Ocorr\u00eancia (B.O). O menino, que n\u00e3o teve sua identidade revelada, estava com a m\u00e3e e foi levado para o Instituto M\u00e9dico Legal (IML), onde fez o exame de corpo de delito e recebeu cerca de 12 pontos na cabe\u00e7a.<\/p>\n<p>Nesta ter\u00e7a, a v\u00edtima e a m\u00e3e foram ouvidos na delegacia. O caso est\u00e1 sendo acompanhado por conselheiros tutelares da 4\u00aa regi\u00e3o, que acompanharam m\u00e3e e filho na delegacia. O adolescente foi encaminhado para atendimento psicol\u00f3gico.<\/p>\n<p>Ainda segundo o chefe de opera\u00e7\u00f5es da delegacia, o pai ser\u00e1 chamado e ouvido. Ele ser\u00e1 indiciado pelo crime de les\u00e3o corporal grave. O irm\u00e3o, de 34 anos, tamb\u00e9m dever\u00e1 ser indiciado.<\/p>\n<p>&nbsp;<\/p>\n<p><strong>Fonte: G1\/AL<\/strong><\/p>\n<p>&nbsp;<\/p>\n","protected":false},"excerpt":{"rendered":"<p>Um adolescente de 14 anos foi agredido com uma barra de ferro e espancado pelo pai e pelo irm\u00e3o em Macei\u00f3. A Delegacia de Crimes Contra a Crian\u00e7a e o Adolescente (DCCCA) informou nesta ter\u00e7a-feira (25) que as agress\u00f5es come\u00e7aram depois que ele disse ao pai ser homossexual. De acordo com o chefe de opera\u00e7\u00f5es &hellip;<\/p>\n","protected":false},"author":1,"featured_media":8960,"comment_status":"open","ping_status":"open","sticky":false,"template":"","format":"standard","meta":{"_jetpack_newsletter_access":"","_jetpack_dont_email_post_to_subs":false,"_jetpack_newsletter_tier_id":0,"_jetpack_memberships_contains_paywalled_content":false,"_jetpack_memberships_contains_paid_content":false,"footnotes":""},"categories":[1],"tags":[],"class_list":["post-8959","post","type-post","status-publish","format-standard","has-post-thumbnail","hentry","category-destaque"],"jetpack_sharing_enabled":true,"jetpack_featured_media_url":"","_links":{"self":[{"href":"https:\/\/www.oparanews.com.br\/index.php\/wp-json\/wp\/v2\/posts\/8959","targetHints":{"allow":["GET"]}}],"collection":[{"href":"https:\/\/www.oparanews.com.br\/index.php\/wp-json\/wp\/v2\/posts"}],"about":[{"href":"https:\/\/www.oparanews.com.br\/index.php\/wp-json\/wp\/v2\/types\/post"}],"author":[{"embeddable":true,"href":"https:\/\/www.oparanews.com.br\/index.php\/wp-json\/wp\/v2\/users\/1"}],"replies":[{"embeddable":true,"href":"https:\/\/www.oparanews.com.br\/index.php\/wp-json\/wp\/v2\/comments?post=8959"}],"version-history":[{"count":0,"href":"https:\/\/www.oparanews.com.br\/index.php\/wp-json\/wp\/v2\/posts\/8959\/revisions"}],"wp:attachment":[{"href":"https:\/\/www.oparanews.com.br\/index.php\/wp-json\/wp\/v2\/media?parent=8959"}],"wp:term":[{"taxonomy":"category","embeddable":true,"href":"https:\/\/www.oparanews.com.br\/index.php\/wp-json\/wp\/v2\/categories?post=8959"},{"taxonomy":"post_tag","embeddable":true,"href":"https:\/\/www.oparanews.com.br\/index.php\/wp-json\/wp\/v2\/tags?post=8959"}],"curies":[{"name":"wp","href":"https:\/\/api.w.org\/{rel}","templated":true}]}}