{"id":9004,"date":"2020-08-28T00:31:59","date_gmt":"2020-08-28T00:31:59","guid":{"rendered":"https:\/\/oparanews.com.br\/?p=9004"},"modified":"2020-08-28T00:31:59","modified_gmt":"2020-08-28T00:31:59","slug":"boletim-aponta-1200-casos-da-covid-19-em-penedo","status":"publish","type":"post","link":"https:\/\/www.oparanews.com.br\/index.php\/2020\/08\/28\/boletim-aponta-1200-casos-da-covid-19-em-penedo\/","title":{"rendered":"Boletim aponta 1200 casos da Covid-19 em Penedo"},"content":{"rendered":"<p>A Secretaria Municipal de Sa\u00fade (SEMS) de Penedo divulgou agora h\u00e1 pouco os dados atualizados da pandemia do novo coronav\u00edrus.<\/p>\n<p><a href=\"https:\/\/oparanews.com.br\/wp-content\/uploads\/2020\/08\/Sem-t\u00edtulo-158.jpg\"><img loading=\"lazy\" decoding=\"async\" class=\"alignleft size-medium wp-image-9005\" src=\"https:\/\/oparanews.com.br\/wp-content\/uploads\/2020\/08\/Sem-t\u00edtulo-158-273x300.jpg\" alt=\"\" width=\"273\" height=\"300\" \/><\/a>O boletim desta quinta-feira, 27, informa que Penedo atingiu a marca de 1.200 casos confirmados de Covid-19, sendo que deste total, 1.058 j\u00e1 est\u00e3o curados da doen\u00e7a respons\u00e1vel por 13 \u00f3bitos em Penedo.<\/p>\n<p>At\u00e9 hoje, a doen\u00e7a j\u00e1 causou 1.853 mortes em Alagoas e 118.649 em todo territ\u00f3rio nacional.<\/p>\n<p>O mais recente boletim epidemiol\u00f3gico da SEMS Penedo informa ainda 1.105 casos descartados, 99 pessoas sendo monitoradas e apenas um na condi\u00e7\u00e3o de suspeito.<\/p>\n<p>Em rela\u00e7\u00e3o aos locais com maior taxa de ocorr\u00eancia da Covid-19 em Penedo, 340 foram registrados no bairro Dom Constantino, um dos maiores em extens\u00e3o e densidade populacional.<\/p>\n<p>O bairro Santa Luzia contabiliza 219 casos confirmados de contamina\u00e7\u00e3o por coronav\u00edrus e o Raimundo Marinho 117. J\u00e1 no Centro da cidade foram registradas 172 ocorr\u00eancias. No Oiteiro \u2013 como o bairro Senhor do Bonfim \u00e9 mais conhecido \u2013 est\u00e3o 99 registros, n\u00famero acima dos 65 indicados por pessoas residentes no Santo Ant\u00f4nio e tamb\u00e9m dos 49 do bairro Santa Izabel e ainda dos 13 do bairro Santa Cec\u00edlia.<\/p>\n<p><a href=\"https:\/\/oparanews.com.br\/wp-content\/uploads\/2020\/08\/Sem-t\u00edtulo-160.jpg\"><img loading=\"lazy\" decoding=\"async\" class=\"alignleft size-medium wp-image-9007\" src=\"https:\/\/oparanews.com.br\/wp-content\/uploads\/2020\/08\/Sem-t\u00edtulo-160-273x300.jpg\" alt=\"\" width=\"273\" height=\"300\" \/><\/a>Na zona rural de Penedo a maior concentra\u00e7\u00e3o de casos confirmados de Covid-19 est\u00e1 na comunidade Tabuleiro dos Negros, onde foram registradas 43 ocorr\u00eancias. Os dois n\u00facleos da Cooperativa somam 37 registros, na comunidade Palmeira Alta est\u00e3o 24, al\u00e9m de 12 na Santa Margarida, oito no povoado Capela e dois na Ponta Mofina.<\/p>\n<p>&nbsp;<\/p>\n<p>&nbsp;<\/p>\n<p><strong>por Fernando Vin\u00edcius \u2013 Decom PMP<\/strong><\/p>\n<p>&nbsp;<\/p>\n","protected":false},"excerpt":{"rendered":"<p>A Secretaria Municipal de Sa\u00fade (SEMS) de Penedo divulgou agora h\u00e1 pouco os dados atualizados da pandemia do novo coronav\u00edrus. O boletim desta quinta-feira, 27, informa que Penedo atingiu a marca de 1.200 casos confirmados de Covid-19, sendo que deste total, 1.058 j\u00e1 est\u00e3o curados da doen\u00e7a respons\u00e1vel por 13 \u00f3bitos em Penedo. At\u00e9 hoje, &hellip;<\/p>\n","protected":false},"author":1,"featured_media":9006,"comment_status":"open","ping_status":"open","sticky":false,"template":"","format":"standard","meta":{"_jetpack_newsletter_access":"","_jetpack_dont_email_post_to_subs":false,"_jetpack_newsletter_tier_id":0,"_jetpack_memberships_contains_paywalled_content":false,"_jetpack_memberships_contains_paid_content":false,"footnotes":""},"categories":[1],"tags":[],"class_list":["post-9004","post","type-post","status-publish","format-standard","has-post-thumbnail","hentry","category-destaque"],"jetpack_sharing_enabled":true,"jetpack_featured_media_url":"","_links":{"self":[{"href":"https:\/\/www.oparanews.com.br\/index.php\/wp-json\/wp\/v2\/posts\/9004","targetHints":{"allow":["GET"]}}],"collection":[{"href":"https:\/\/www.oparanews.com.br\/index.php\/wp-json\/wp\/v2\/posts"}],"about":[{"href":"https:\/\/www.oparanews.com.br\/index.php\/wp-json\/wp\/v2\/types\/post"}],"author":[{"embeddable":true,"href":"https:\/\/www.oparanews.com.br\/index.php\/wp-json\/wp\/v2\/users\/1"}],"replies":[{"embeddable":true,"href":"https:\/\/www.oparanews.com.br\/index.php\/wp-json\/wp\/v2\/comments?post=9004"}],"version-history":[{"count":0,"href":"https:\/\/www.oparanews.com.br\/index.php\/wp-json\/wp\/v2\/posts\/9004\/revisions"}],"wp:attachment":[{"href":"https:\/\/www.oparanews.com.br\/index.php\/wp-json\/wp\/v2\/media?parent=9004"}],"wp:term":[{"taxonomy":"category","embeddable":true,"href":"https:\/\/www.oparanews.com.br\/index.php\/wp-json\/wp\/v2\/categories?post=9004"},{"taxonomy":"post_tag","embeddable":true,"href":"https:\/\/www.oparanews.com.br\/index.php\/wp-json\/wp\/v2\/tags?post=9004"}],"curies":[{"name":"wp","href":"https:\/\/api.w.org\/{rel}","templated":true}]}}