{"id":9012,"date":"2020-08-28T01:07:49","date_gmt":"2020-08-28T01:07:49","guid":{"rendered":"https:\/\/oparanews.com.br\/?p=9012"},"modified":"2020-08-28T01:07:49","modified_gmt":"2020-08-28T01:07:49","slug":"globo-decide-nao-renovar-contrato-e-deixara-de-transmitir-f1","status":"publish","type":"post","link":"https:\/\/www.oparanews.com.br\/index.php\/2020\/08\/28\/globo-decide-nao-renovar-contrato-e-deixara-de-transmitir-f1\/","title":{"rendered":"Globo decide n\u00e3o renovar contrato e deixar\u00e1 de transmitir F1"},"content":{"rendered":"<p>A TV Globo n\u00e3o vai mais exibir a F\u00f3rmula 1 a partir de 2021. A emissora carioca desistiu da compra dos direitos de transmiss\u00e3o da maior categoria do esporte a motor. A informa\u00e7\u00e3o \u00e9 do site Meio &amp; Mensagem e confirmada pelo GRANDE PR\u00caMIO. A negocia\u00e7\u00e3o estava sendo feita junto ao Liberty Media, o grupo detentor dos direitos comerciais do Mundial, mas n\u00e3o houve acordo devido aos valores pedidos pelos americanos para a renova\u00e7\u00e3o do contrato. Dessa forma, o campeonato perde um dos \u00fanicos canais abertos a mostrar a F1 no mundo.<\/p>\n<p>O GRANDE PR\u00caMIO soube tamb\u00e9m que a decis\u00e3o de n\u00e3o renovar com o Mundial j\u00e1 havia sido tomada pela c\u00fapula da emissora \u2014 a fam\u00edlia Marinho \u2014 antes mesmo do atrasado in\u00edcio da temporada 2020, em julho, e que a situa\u00e7\u00e3o s\u00f3 viria a mudar se o Liberty Media fizesse uma nova proposta financeira que satisfizesse as novas condi\u00e7\u00f5es do grupo, que j\u00e1 cortou contratos com a Fifa e a Conmebol, no futebol, e est\u00e1 agindo da mesma forma com acordos altamente dispendiosos em todas as \u00e1reas, inclusive as art\u00edsticas.<\/p>\n<p>Tamb\u00e9m de acordo com o Meio &amp; Mensagem, a Globo j\u00e1 informou aos seus patrocinadores da atual temporada de que n\u00e3o vai seguir com a exibi\u00e7\u00e3o do campeonato no ano que vem. Em 2020, a emissora do Rio de Janeiro vendeu apenas cinco de suas seis cotas de patroc\u00ednio. Ainda assim, segundo o pre\u00e7o de tabela, viu uma receita de R$ 494,75, o que seria suficiente para cobrir o pre\u00e7o do direito de transmiss\u00e3o da F\u00f3rmula 1 oferecido pelo Liberty Media.<\/p>\n<p>Mas internamente, a Globo tem de dividir este bolo com as 118 afiliadas para transmitir a corrida em todo o territ\u00f3rio nacional. Segundo a dire\u00e7\u00e3o, a conta acaba n\u00e3o fechando.<\/p>\n<p>Temporada afetada pela pandemia<\/p>\n<p>A temporada 2020 da F\u00f3rmula 1 foi sem precedentes. Por conta da pandemia de coronav\u00edrus, o calend\u00e1rio passou por diversas transforma\u00e7\u00f5es at\u00e9 ser finalizado no in\u00edcio da semana com as adi\u00e7\u00f5es de Turquia, Bahrein e Abu Dhabi. Originalmente previsto para come\u00e7ar em mar\u00e7o, na Austr\u00e1lia, o campeonato s\u00f3 teve in\u00edcio em 5 de julho, com dois finais de semanas consecutivos no Red Bull Ring.<\/p>\n<p>Assim, em maio a uma pandemia mundial, a F1 reduziu de para 17 as etapas em 2020, mas nada que impedisse a maior maratona que a categoria j\u00e1 teve em termos de corridas consecutivas: com o GP da B\u00e9lgica, o da It\u00e1lia e o da Toscana, j\u00e1 ter\u00e3o sido tr\u00eas rodadas triplas em um espa\u00e7o de apenas 11 semanas.<\/p>\n<p>Com a programa\u00e7\u00e3o apertada e a pandemia ainda longe de ter sido controlada especialmente no Brasil, nos EUA e no M\u00e9xico, a F1 optou por uma temporada inteiramente europeia e asi\u00e1tica, abrindo m\u00e3o das etapas americanas, inclusive do GP do Canad\u00e1 e, claro, da etapa que seria disputada em Interlagos.<\/p>\n<p>A hist\u00f3ria das transmiss\u00f5es<\/p>\n<p>A hist\u00f3ria da F\u00f3rmula 1 na Globo se confunde com as transmiss\u00f5es da categoria para o Brasil. Apesar da TV Record transmitir a primeira corrida para o pa\u00eds, o GP da Inglaterra de 1970 que marcou a estreia de Emerson Fittipaldi na categoria, a Globo passaria a contar com os direitos em parceria com a Tupi a partir de 1972. Durante aquela d\u00e9cada, a Globo televisionou corridas junto a outras emissoras e deixou de passar tantas outras provas em detrimento da programa\u00e7\u00e3o habitual.<\/p>\n<p>A grande virada viria com a entrada nos anos 1980. A Bandeirantes adquiriu os direitos em 1980 e transmitiu todas as corridas de forma exclusiva naquele ano. A Globo voltou a carga em 1981 e assumiu as r\u00e9deas de vez para se tornar a emissora respons\u00e1vel nos \u00faltimos 40 anos. Ali\u00e1s, o retorno da F1 foi um dos fatores para a contrata\u00e7\u00e3o de Galv\u00e3o Bueno naquele come\u00e7o de d\u00e9cada.<\/p>\n<p>Da\u00ed em diante, a Globo transmitiu a esmagadora maioria das corridas e acompanhou os tr\u00eas t\u00edtulos mundiais de Nelson Piquet e Ayrton Senna, os sete de Michael Schumacher e os seis de Lewis Hamilton, al\u00e9m de vit\u00f3rias de Rubens Barrichello e Felipe Massa.<\/p>\n<p>&nbsp;<\/p>\n<p><strong>Fonte: Terra<\/strong><\/p>\n<p>&nbsp;<\/p>\n","protected":false},"excerpt":{"rendered":"<p>A TV Globo n\u00e3o vai mais exibir a F\u00f3rmula 1 a partir de 2021. A emissora carioca desistiu da compra dos direitos de transmiss\u00e3o da maior categoria do esporte a motor. A informa\u00e7\u00e3o \u00e9 do site Meio &amp; Mensagem e confirmada pelo GRANDE PR\u00caMIO. A negocia\u00e7\u00e3o estava sendo feita junto ao Liberty Media, o grupo &hellip;<\/p>\n","protected":false},"author":1,"featured_media":9013,"comment_status":"open","ping_status":"open","sticky":false,"template":"","format":"standard","meta":{"_jetpack_newsletter_access":"","_jetpack_dont_email_post_to_subs":false,"_jetpack_newsletter_tier_id":0,"_jetpack_memberships_contains_paywalled_content":false,"_jetpack_memberships_contains_paid_content":false,"footnotes":""},"categories":[1],"tags":[],"class_list":["post-9012","post","type-post","status-publish","format-standard","has-post-thumbnail","hentry","category-destaque"],"jetpack_sharing_enabled":true,"jetpack_featured_media_url":"","_links":{"self":[{"href":"https:\/\/www.oparanews.com.br\/index.php\/wp-json\/wp\/v2\/posts\/9012","targetHints":{"allow":["GET"]}}],"collection":[{"href":"https:\/\/www.oparanews.com.br\/index.php\/wp-json\/wp\/v2\/posts"}],"about":[{"href":"https:\/\/www.oparanews.com.br\/index.php\/wp-json\/wp\/v2\/types\/post"}],"author":[{"embeddable":true,"href":"https:\/\/www.oparanews.com.br\/index.php\/wp-json\/wp\/v2\/users\/1"}],"replies":[{"embeddable":true,"href":"https:\/\/www.oparanews.com.br\/index.php\/wp-json\/wp\/v2\/comments?post=9012"}],"version-history":[{"count":0,"href":"https:\/\/www.oparanews.com.br\/index.php\/wp-json\/wp\/v2\/posts\/9012\/revisions"}],"wp:attachment":[{"href":"https:\/\/www.oparanews.com.br\/index.php\/wp-json\/wp\/v2\/media?parent=9012"}],"wp:term":[{"taxonomy":"category","embeddable":true,"href":"https:\/\/www.oparanews.com.br\/index.php\/wp-json\/wp\/v2\/categories?post=9012"},{"taxonomy":"post_tag","embeddable":true,"href":"https:\/\/www.oparanews.com.br\/index.php\/wp-json\/wp\/v2\/tags?post=9012"}],"curies":[{"name":"wp","href":"https:\/\/api.w.org\/{rel}","templated":true}]}}