{"id":9015,"date":"2020-08-28T01:10:16","date_gmt":"2020-08-28T01:10:16","guid":{"rendered":"https:\/\/oparanews.com.br\/?p=9015"},"modified":"2020-08-28T01:10:16","modified_gmt":"2020-08-28T01:10:16","slug":"disputa-de-faccoes-aterroriza-moradores-e-deixa-mortos-no-rj","status":"publish","type":"post","link":"https:\/\/www.oparanews.com.br\/index.php\/2020\/08\/28\/disputa-de-faccoes-aterroriza-moradores-e-deixa-mortos-no-rj\/","title":{"rendered":"Disputa de fac\u00e7\u00f5es aterroriza moradores e deixa mortos no RJ"},"content":{"rendered":"<p>Um guerra com mais de 24 horas de dura\u00e7\u00e3o entre fac\u00e7\u00f5es rivais que disputam o controle de favelas do Rio de Janeiro deixou ao menos dois mortos e aterrorizou moradores que ficaram no meio de trocas de tiros e foram feitos ref\u00e9ns dentro de suas casas, informou a pol\u00edcia nesta quinta-feira.<\/p>\n<p>A disputa acontece na regi\u00e3o do complexo de S\u00e3o Carlos, entre o centro e a zona norte da cidade, a poucos metros da sede administrativa da prefeitura e da famosa Marqu\u00eas de Sapuca\u00ed, que recebe os desfiles das escolas de samba do Carnaval carioca.<\/p>\n<p>O clima de tens\u00e3o come\u00e7ou na quarta-feira, quando houve uma persegui\u00e7\u00e3o da pol\u00edcia a suspeitos no bairro da Lagoa, na zona sul da cidade, no momento em que membros de uma fac\u00e7\u00e3o estavam se deslocamento para a invas\u00e3o ao complexo de S\u00e3o Carlos, dominado por outro grupo, segundo a pol\u00edcia. Houve troca de tiros em plena luz do dia e dois criminosos foram presos.<\/p>\n<p>A tentativa de invas\u00e3o ao complexo de S\u00e3o Carlos come\u00e7ou pouco depois, provocando intensos tiroteios. Uma mulher de 25 anos morreu ao ficar no meio do fogo cruzado com o filho de 3 anos.<\/p>\n<p>Durante a madrugada, suspeitos em fuga tentaram invadir um condom\u00ednio residencial na regi\u00e3o, mas foram surpreendidos por policiais e um suspeito morreu. Outro homem conseguiu acessar um pr\u00e9dio ap\u00f3s atirar no porteiro, e manteve por algumas horas uma fam\u00edlia como ref\u00e9m at\u00e9 se render para a pol\u00edcia depois de uma longa negocia\u00e7\u00e3o.<\/p>\n<p>Um outro morador da regi\u00e3o teve a casa invadida por suspeitos na tarde desta quinta-feira, mas os invasores tamb\u00e9m acabaram se entregando para a pol\u00edcia.<\/p>\n<p>&#8220;O Rio tem mais de 1.400 comunidades e quatro fac\u00e7\u00f5es disputam palmo a palmo esses locais com armas de guerra&#8230; a \u00e1rea do complexo est\u00e1 refor\u00e7ada e com patrulhamento dentro e fora do complexo&#8221;, disse a jornalistas o porta-voz da Pol\u00edcia Militar, coronel Mauro Fliess.<\/p>\n<p>A guerra entre criminosos rivais acontece ap\u00f3s decis\u00f5es do Supremo Tribunal Federal (STF) que limitaram e regulamentaram as opera\u00e7\u00f5es da pol\u00edcia em favelas e comunidade carentes do Rio de Janeiro durante a pandemia de coronav\u00edrus.<\/p>\n<p>Agora as interven\u00e7\u00f5es s\u00f3 podem ser feitas se justificadas e consideradas essenciais. O uso de helic\u00f3pteros tamb\u00e9m foi limitado. As medidas desagradam a pol\u00edcia fluminense, que entende que as restri\u00e7\u00f5es fortalecem o poderio do crime organizado.<\/p>\n<p>&#8220;A seguran\u00e7a p\u00fablica \u00e9 nossa prioridade, mas por determina\u00e7\u00e3o judicial, a atua\u00e7\u00e3o das pol\u00edcias do Estado est\u00e1 limitada no Rio&#8221;, disse o governador Wilson Witzel em uma rede social.<\/p>\n<p>&nbsp;<\/p>\n<p><strong>Fonte: Terra<\/strong><\/p>\n<p>&nbsp;<\/p>\n","protected":false},"excerpt":{"rendered":"<p>Um guerra com mais de 24 horas de dura\u00e7\u00e3o entre fac\u00e7\u00f5es rivais que disputam o controle de favelas do Rio de Janeiro deixou ao menos dois mortos e aterrorizou moradores que ficaram no meio de trocas de tiros e foram feitos ref\u00e9ns dentro de suas casas, informou a pol\u00edcia nesta quinta-feira. A disputa acontece na &hellip;<\/p>\n","protected":false},"author":1,"featured_media":9016,"comment_status":"open","ping_status":"open","sticky":false,"template":"","format":"standard","meta":{"_jetpack_newsletter_access":"","_jetpack_dont_email_post_to_subs":false,"_jetpack_newsletter_tier_id":0,"_jetpack_memberships_contains_paywalled_content":false,"_jetpack_memberships_contains_paid_content":false,"footnotes":""},"categories":[1],"tags":[],"class_list":["post-9015","post","type-post","status-publish","format-standard","has-post-thumbnail","hentry","category-destaque"],"jetpack_sharing_enabled":true,"jetpack_featured_media_url":"","_links":{"self":[{"href":"https:\/\/www.oparanews.com.br\/index.php\/wp-json\/wp\/v2\/posts\/9015","targetHints":{"allow":["GET"]}}],"collection":[{"href":"https:\/\/www.oparanews.com.br\/index.php\/wp-json\/wp\/v2\/posts"}],"about":[{"href":"https:\/\/www.oparanews.com.br\/index.php\/wp-json\/wp\/v2\/types\/post"}],"author":[{"embeddable":true,"href":"https:\/\/www.oparanews.com.br\/index.php\/wp-json\/wp\/v2\/users\/1"}],"replies":[{"embeddable":true,"href":"https:\/\/www.oparanews.com.br\/index.php\/wp-json\/wp\/v2\/comments?post=9015"}],"version-history":[{"count":0,"href":"https:\/\/www.oparanews.com.br\/index.php\/wp-json\/wp\/v2\/posts\/9015\/revisions"}],"wp:attachment":[{"href":"https:\/\/www.oparanews.com.br\/index.php\/wp-json\/wp\/v2\/media?parent=9015"}],"wp:term":[{"taxonomy":"category","embeddable":true,"href":"https:\/\/www.oparanews.com.br\/index.php\/wp-json\/wp\/v2\/categories?post=9015"},{"taxonomy":"post_tag","embeddable":true,"href":"https:\/\/www.oparanews.com.br\/index.php\/wp-json\/wp\/v2\/tags?post=9015"}],"curies":[{"name":"wp","href":"https:\/\/api.w.org\/{rel}","templated":true}]}}