{"id":9021,"date":"2020-08-28T12:51:49","date_gmt":"2020-08-28T12:51:49","guid":{"rendered":"https:\/\/oparanews.com.br\/?p=9021"},"modified":"2020-08-28T12:51:49","modified_gmt":"2020-08-28T12:51:49","slug":"campanha-para-vacinar-adultos-contra-o-sarampo-e-prorrogada","status":"publish","type":"post","link":"https:\/\/www.oparanews.com.br\/index.php\/2020\/08\/28\/campanha-para-vacinar-adultos-contra-o-sarampo-e-prorrogada\/","title":{"rendered":"Campanha para vacinar adultos contra o sarampo \u00e9 prorrogada"},"content":{"rendered":"<p>A procura de adultos com idade entre 20 e 49 anos pela vacina\u00e7\u00e3o contra o sarampo tem sido abaixo do esperado. A Secretaria de Estado da Sa\u00fade (Sesau) informou que a meta \u00e9 vacinar 1.395.727 pessoas no estado, mas em quase um m\u00eas de campanha, apenas 376.845 foram imunizadas, segundo atualiza\u00e7\u00e3o feita na tarde de quinta-feira (27).<\/p>\n<p>Com o estado ainda longe de imunizar todo o p\u00fablico-alvo, assim como outros estados do pa\u00eds, o Minist\u00e9rio da Sa\u00fade decidiu prorrogar a campanha at\u00e9 31 de outubro.<\/p>\n<p>De acordo com a Sesau, o medo da Covid-19 pode ser um dos motivos que levaram as pessoas a n\u00e3o aderir \u00e0 campanha de vacina\u00e7\u00e3o. Mas a imuniza\u00e7\u00e3o \u00e9 importante, principalmente porque o estado voltou a registrar o surgimento do sarampo depois de 19 anos sem casos da doen\u00e7a.<\/p>\n<p>&#8220;\u00c9 importante salientar que as pessoas est\u00e3o preocupadas com a Covid-19, que ainda n\u00e3o tem vacina dispon\u00edvel, por\u00e9m as doen\u00e7as j\u00e1 existentes que temos vacina dispon\u00edvel a popula\u00e7\u00e3o n\u00e3o procura, o que \u00e9 bastante preocupante, pois o sarampo \u00e9 altamente contagioso e tamb\u00e9m pode levar \u00e0 morte&#8221;, disse a enfermeira da \u00c1rea T\u00e9cnica do PNI\/ SESAU, Emilly Silva<\/p>\n<p>&#8220;Sabemos que essa popula\u00e7\u00e3o \u00e9 um p\u00fablico mais ativo e que geralmente tem responsabilidades durante o o decorrer do dia, por\u00e9m \u00e9 primordial garantir a vacina\u00e7\u00e3o, visto que a \u00fanica forma de preven\u00e7\u00e3o contra o sarampo \u00e9 atrav\u00e9s da vacina, e sabemos que est\u00e1 tendo circula\u00e7\u00e3o do v\u00edrus no pa\u00eds e inclusive no nosso estado&#8221;, complementou.<\/p>\n<p>A enfermeira Emilly Silva ressaltou que \u00e9 seguro e necess\u00e1rio se vacinar. &#8220;\u00c9 seguro ir at\u00e9 uma unidade de sa\u00fade. Os profissionais est\u00e3o seguindo as medidas preconizadas pelo Minist\u00e9rio da Sa\u00fade, respeitando o distanciamento social, evitando aglomera\u00e7\u00f5es, orientando sempre quanto a import\u00e2ncia do uso da m\u00e1scara, e realizando a higieniza\u00e7\u00e3o do ambiente e das m\u00e3os a cada atendimento&#8221;.<\/p>\n<p>A profissional da enfermagem explicou que at\u00e9 as pessoas de risco precisam se vacinar contra o sarampo para evitar um surto da doen\u00e7a.<\/p>\n<p>&#8220;Sabemos que a popula\u00e7\u00e3o de risco tem medo de se expor, por\u00e9m \u00e9 importante garantir a imuniza\u00e7\u00e3o contra o v\u00edrus do sarampo, visando que para esta doen\u00e7a j\u00e1 temos uma vacina que previne contra a infec\u00e7\u00e3o, e que \u00e9 importante nos adaptarmos a nossa &#8216;nova realidade&#8217;, a pandemia \u00e9 um fato marcante e que devemos temer ao nos expormos desnecessariamente, mas no caso de ir uma unidade b\u00e1sica de sa\u00fade para se vacinar \u00e9 necess\u00e1rio para que n\u00e3o tenhamos um surto tamb\u00e9m de sarampo&#8221;, afirmou.<\/p>\n<p>A vacina\u00e7\u00e3o \u00e9 realizada em todos os munic\u00edpios do estado. Alguns adotaram estrat\u00e9gias para facilitar o acesso da popula\u00e7\u00e3o \u00e0 vacina, como fazer busca ativa (ir de casa em casa) e prolongar o hor\u00e1rio de atendimento.<\/p>\n<p>&#8220;Tendo em vista a baixa procura da popula\u00e7\u00e3o, o Minist\u00e9rio da Sa\u00fade prorrogou a campanha at\u00e9 31\/10, ent\u00e3o a popula\u00e7\u00e3o deve sim procurar as unidades de sa\u00fade e solicitamos a conscientiza\u00e7\u00e3o desse p\u00fablico de 20 a 49 anos que garanta j\u00e1 a sua vacina, aproveitando que as unidades n\u00e3o est\u00e3o tendo tanta procura e que o prazo foi prorrogado&#8221;, disse a enfermeira Emilly Silva.<\/p>\n<p>&nbsp;<\/p>\n<p><strong>Fonte: G1\/AL<\/strong><\/p>\n<p>&nbsp;<\/p>\n","protected":false},"excerpt":{"rendered":"<p>A procura de adultos com idade entre 20 e 49 anos pela vacina\u00e7\u00e3o contra o sarampo tem sido abaixo do esperado. A Secretaria de Estado da Sa\u00fade (Sesau) informou que a meta \u00e9 vacinar 1.395.727 pessoas no estado, mas em quase um m\u00eas de campanha, apenas 376.845 foram imunizadas, segundo atualiza\u00e7\u00e3o feita na tarde de &hellip;<\/p>\n","protected":false},"author":1,"featured_media":9022,"comment_status":"open","ping_status":"open","sticky":false,"template":"","format":"standard","meta":{"_jetpack_newsletter_access":"","_jetpack_dont_email_post_to_subs":false,"_jetpack_newsletter_tier_id":0,"_jetpack_memberships_contains_paywalled_content":false,"_jetpack_memberships_contains_paid_content":false,"footnotes":""},"categories":[1],"tags":[],"class_list":["post-9021","post","type-post","status-publish","format-standard","has-post-thumbnail","hentry","category-destaque"],"jetpack_sharing_enabled":true,"jetpack_featured_media_url":"","_links":{"self":[{"href":"https:\/\/www.oparanews.com.br\/index.php\/wp-json\/wp\/v2\/posts\/9021","targetHints":{"allow":["GET"]}}],"collection":[{"href":"https:\/\/www.oparanews.com.br\/index.php\/wp-json\/wp\/v2\/posts"}],"about":[{"href":"https:\/\/www.oparanews.com.br\/index.php\/wp-json\/wp\/v2\/types\/post"}],"author":[{"embeddable":true,"href":"https:\/\/www.oparanews.com.br\/index.php\/wp-json\/wp\/v2\/users\/1"}],"replies":[{"embeddable":true,"href":"https:\/\/www.oparanews.com.br\/index.php\/wp-json\/wp\/v2\/comments?post=9021"}],"version-history":[{"count":0,"href":"https:\/\/www.oparanews.com.br\/index.php\/wp-json\/wp\/v2\/posts\/9021\/revisions"}],"wp:attachment":[{"href":"https:\/\/www.oparanews.com.br\/index.php\/wp-json\/wp\/v2\/media?parent=9021"}],"wp:term":[{"taxonomy":"category","embeddable":true,"href":"https:\/\/www.oparanews.com.br\/index.php\/wp-json\/wp\/v2\/categories?post=9021"},{"taxonomy":"post_tag","embeddable":true,"href":"https:\/\/www.oparanews.com.br\/index.php\/wp-json\/wp\/v2\/tags?post=9021"}],"curies":[{"name":"wp","href":"https:\/\/api.w.org\/{rel}","templated":true}]}}