{"id":9024,"date":"2020-08-28T13:07:14","date_gmt":"2020-08-28T13:07:14","guid":{"rendered":"https:\/\/oparanews.com.br\/?p=9024"},"modified":"2020-08-28T13:07:14","modified_gmt":"2020-08-28T13:07:14","slug":"galvao-responsabiliza-diretoria-do-fla-por-momento-do-time","status":"publish","type":"post","link":"https:\/\/www.oparanews.com.br\/index.php\/2020\/08\/28\/galvao-responsabiliza-diretoria-do-fla-por-momento-do-time\/","title":{"rendered":"Galv\u00e3o responsabiliza diretoria do Fla por momento do time"},"content":{"rendered":"<p>O apresentador e narrador Galv\u00e3o Bueno analisou o atual momento do Flamengo, que n\u00e3o vive uma boa fase sob o comando de Dom\u00e8nec Torrent. Para Galv\u00e3o, o clube est\u00e1 pagando por um planejamento errado e pelas atitudes da diretoria.<\/p>\n<p>&#8220;O momento do Flamengo est\u00e1 diretamente ligado \u00e0s atitudes da dire\u00e7\u00e3o. For\u00e7aram demais a barra para o retorno do Carioca, imaginavam um torneio que seria jogado em Bras\u00edlia, que acabou n\u00e3o acontecendo. O Flamengo ficou 28 dias sem jogar, perdeu o ritmo&#8221;, afirmou durante o &#8216;Sele\u00e7\u00e3o Sportv&#8217;.<\/p>\n<p>Galv\u00e3o ainda afirmou que n\u00e3o s\u00f3 o planejamento, mas o contrato de Jorge Jesus, que deixou recentemente o clube para retornar ao Benfica, foi feito de maneira errada.<\/p>\n<p>&#8220;O contrato com o Mister foi mal feito, porque tinha que ser um contrato que for\u00e7asse a lev\u00e1-lo, por peso de multa, para a janela de meio de temporada da Europa. (&#8230;) O Flamengo viveu um vazio de 28 dias, e est\u00e1 pagando por isso. O momento do Flamengo \u00e9 complicado&#8221;, completou.<\/p>\n<p>&nbsp;<\/p>\n<p><strong>Fonte: LANCE!<\/strong><\/p>\n<p>&nbsp;<\/p>\n","protected":false},"excerpt":{"rendered":"<p>O apresentador e narrador Galv\u00e3o Bueno analisou o atual momento do Flamengo, que n\u00e3o vive uma boa fase sob o comando de Dom\u00e8nec Torrent. Para Galv\u00e3o, o clube est\u00e1 pagando por um planejamento errado e pelas atitudes da diretoria. &#8220;O momento do Flamengo est\u00e1 diretamente ligado \u00e0s atitudes da dire\u00e7\u00e3o. For\u00e7aram demais a barra para &hellip;<\/p>\n","protected":false},"author":1,"featured_media":9025,"comment_status":"open","ping_status":"open","sticky":false,"template":"","format":"standard","meta":{"_jetpack_newsletter_access":"","_jetpack_dont_email_post_to_subs":false,"_jetpack_newsletter_tier_id":0,"_jetpack_memberships_contains_paywalled_content":false,"_jetpack_memberships_contains_paid_content":false,"footnotes":""},"categories":[1],"tags":[],"class_list":["post-9024","post","type-post","status-publish","format-standard","has-post-thumbnail","hentry","category-destaque"],"jetpack_sharing_enabled":true,"jetpack_featured_media_url":"","_links":{"self":[{"href":"https:\/\/www.oparanews.com.br\/index.php\/wp-json\/wp\/v2\/posts\/9024","targetHints":{"allow":["GET"]}}],"collection":[{"href":"https:\/\/www.oparanews.com.br\/index.php\/wp-json\/wp\/v2\/posts"}],"about":[{"href":"https:\/\/www.oparanews.com.br\/index.php\/wp-json\/wp\/v2\/types\/post"}],"author":[{"embeddable":true,"href":"https:\/\/www.oparanews.com.br\/index.php\/wp-json\/wp\/v2\/users\/1"}],"replies":[{"embeddable":true,"href":"https:\/\/www.oparanews.com.br\/index.php\/wp-json\/wp\/v2\/comments?post=9024"}],"version-history":[{"count":0,"href":"https:\/\/www.oparanews.com.br\/index.php\/wp-json\/wp\/v2\/posts\/9024\/revisions"}],"wp:attachment":[{"href":"https:\/\/www.oparanews.com.br\/index.php\/wp-json\/wp\/v2\/media?parent=9024"}],"wp:term":[{"taxonomy":"category","embeddable":true,"href":"https:\/\/www.oparanews.com.br\/index.php\/wp-json\/wp\/v2\/categories?post=9024"},{"taxonomy":"post_tag","embeddable":true,"href":"https:\/\/www.oparanews.com.br\/index.php\/wp-json\/wp\/v2\/tags?post=9024"}],"curies":[{"name":"wp","href":"https:\/\/api.w.org\/{rel}","templated":true}]}}