{"id":9033,"date":"2020-08-28T13:13:13","date_gmt":"2020-08-28T13:13:13","guid":{"rendered":"https:\/\/oparanews.com.br\/?p=9033"},"modified":"2020-08-28T13:13:13","modified_gmt":"2020-08-28T13:13:13","slug":"ernande-pinheiro-reivindica-delegacia-da-mulher-e-patrulha-maria-da-penha-em-penedo","status":"publish","type":"post","link":"https:\/\/www.oparanews.com.br\/index.php\/2020\/08\/28\/ernande-pinheiro-reivindica-delegacia-da-mulher-e-patrulha-maria-da-penha-em-penedo\/","title":{"rendered":"Ernande Pinheiro reivindica Delegacia da Mulher e Patrulha Maria da Penha em Penedo"},"content":{"rendered":"<p>Diante da crescente viol\u00eancia dom\u00e9stica em Penedo, o Vereador Ernande Gama Pinheiro reivindica do Governo de Alagoas, especificamente da Secretaria de Seguran\u00e7a P\u00fablica, a instala\u00e7\u00e3o de uma Delegacia da Mulher e a implementa\u00e7\u00e3o da Patrulha Maria da Penha.<\/p>\n<p>Ao justificar o pleito formalizado nesta quinta-feira, 27, o parlamentar frisou que encaminhou em mar\u00e7o o pedido do distrito policial especializado no atendimento \u00e0s mulheres v\u00edtimas de agress\u00f5es f\u00edsicas, morais, psicol\u00f3gicas e patrimoniais.<\/p>\n<p>Em seu discurso, Ernande Pinheiro ressaltou a necessidade da resposta ao pleito que encaminha, com envio de c\u00f3pia ao governador Renan Filho e \u00e0 subse\u00e7\u00e3o da OAB Penedo.<\/p>\n<p>Na forma de requerimento, o vereador alerta a Secretaria Municipal de Sa\u00fade sobre o PMAC dos dentistas que atuam no Centro de Especialidades em Odontologia (CEO), pleito que faz em nome dos profissionais que o procuraram e que levou ao conhecimento do gestor da pasta, conforme informou.<\/p>\n<p>&nbsp;<\/p>\n<p><strong>Fonte: Assessoria CMP<\/strong><\/p>\n<p>&nbsp;<\/p>\n","protected":false},"excerpt":{"rendered":"<p>Diante da crescente viol\u00eancia dom\u00e9stica em Penedo, o Vereador Ernande Gama Pinheiro reivindica do Governo de Alagoas, especificamente da Secretaria de Seguran\u00e7a P\u00fablica, a instala\u00e7\u00e3o de uma Delegacia da Mulher e a implementa\u00e7\u00e3o da Patrulha Maria da Penha. Ao justificar o pleito formalizado nesta quinta-feira, 27, o parlamentar frisou que encaminhou em mar\u00e7o o pedido &hellip;<\/p>\n","protected":false},"author":1,"featured_media":9034,"comment_status":"open","ping_status":"open","sticky":false,"template":"","format":"standard","meta":{"_jetpack_newsletter_access":"","_jetpack_dont_email_post_to_subs":false,"_jetpack_newsletter_tier_id":0,"_jetpack_memberships_contains_paywalled_content":false,"_jetpack_memberships_contains_paid_content":false,"footnotes":""},"categories":[1],"tags":[],"class_list":["post-9033","post","type-post","status-publish","format-standard","has-post-thumbnail","hentry","category-destaque"],"jetpack_sharing_enabled":true,"jetpack_featured_media_url":"","_links":{"self":[{"href":"https:\/\/www.oparanews.com.br\/index.php\/wp-json\/wp\/v2\/posts\/9033","targetHints":{"allow":["GET"]}}],"collection":[{"href":"https:\/\/www.oparanews.com.br\/index.php\/wp-json\/wp\/v2\/posts"}],"about":[{"href":"https:\/\/www.oparanews.com.br\/index.php\/wp-json\/wp\/v2\/types\/post"}],"author":[{"embeddable":true,"href":"https:\/\/www.oparanews.com.br\/index.php\/wp-json\/wp\/v2\/users\/1"}],"replies":[{"embeddable":true,"href":"https:\/\/www.oparanews.com.br\/index.php\/wp-json\/wp\/v2\/comments?post=9033"}],"version-history":[{"count":0,"href":"https:\/\/www.oparanews.com.br\/index.php\/wp-json\/wp\/v2\/posts\/9033\/revisions"}],"wp:attachment":[{"href":"https:\/\/www.oparanews.com.br\/index.php\/wp-json\/wp\/v2\/media?parent=9033"}],"wp:term":[{"taxonomy":"category","embeddable":true,"href":"https:\/\/www.oparanews.com.br\/index.php\/wp-json\/wp\/v2\/categories?post=9033"},{"taxonomy":"post_tag","embeddable":true,"href":"https:\/\/www.oparanews.com.br\/index.php\/wp-json\/wp\/v2\/tags?post=9033"}],"curies":[{"name":"wp","href":"https:\/\/api.w.org\/{rel}","templated":true}]}}