{"id":9042,"date":"2020-08-30T22:42:00","date_gmt":"2020-08-30T22:42:00","guid":{"rendered":"https:\/\/oparanews.com.br\/?p=9042"},"modified":"2020-08-30T22:42:00","modified_gmt":"2020-08-30T22:42:00","slug":"alagoas-confirma-mais-154-casos-e-oito-mortes-por-covid-19","status":"publish","type":"post","link":"https:\/\/www.oparanews.com.br\/index.php\/2020\/08\/30\/alagoas-confirma-mais-154-casos-e-oito-mortes-por-covid-19\/","title":{"rendered":"Alagoas confirma mais 154 casos e oito mortes por Covid-19"},"content":{"rendered":"<p>Alagoas confirmou mais 154 casos e 8 mortes pela Covid-19 nas \u00faltimas 24 horas. Os n\u00fameros foram divulgados neste domingo (30) pela Secretaria de Estado da Sa\u00fade (Sesau). Os novos registros fizeram o n\u00famero de pessoas que tiveram a doen\u00e7a confirmada subir para 78.637 e o de mortes para 1.878.<\/p>\n<p>De acordo com o boletim epidemiol\u00f3gico, 3.187 pessoas est\u00e3o em isolamento domiciliar e 159 internados em leitos p\u00fablicos e privados.<\/p>\n<p>Das pessoas que foram infectadas, 73.411 se recuperaram da doen\u00e7a. H\u00e1 4.713 casos em investiga\u00e7\u00e3o laboratorial.<\/p>\n<p>Das oito mortes registradas, seis eram de pacientes que moravam em Macei\u00f3, sendo duas mulheres e quatro homens. As duas outras pessoas, uma mulher e um homem, eram do interior.<\/p>\n<p>Mais 8 mortes por Covid-19<\/p>\n<p>Macei\u00f3: Mulher, 68 anos \u2013 hipertensa<br \/>\nMacei\u00f3: Mulher, 49 anos \u2013 sem comorbidades<br \/>\nMacei\u00f3: Homem, 72 anos \u2013 diab\u00e9tico<br \/>\nMacei\u00f3: Homem, 40 anos \u2013 obesidade<br \/>\nMacei\u00f3: Homem, 79 anos \u2013 cardiopata<br \/>\nMacei\u00f3: Homem, 72 anos \u2013 diab\u00e9tico<br \/>\nCapela: Homem, 58 anos \u2013 sem comorbidades<br \/>\nS\u00e3o Miguel dos Campos: Mulher, 73 anos \u2013 hipertensa<\/p>\n<p>&nbsp;<\/p>\n<p><strong>Fonte: G1\/AL<\/strong><\/p>\n<p>&nbsp;<\/p>\n","protected":false},"excerpt":{"rendered":"<p>Alagoas confirmou mais 154 casos e 8 mortes pela Covid-19 nas \u00faltimas 24 horas. Os n\u00fameros foram divulgados neste domingo (30) pela Secretaria de Estado da Sa\u00fade (Sesau). Os novos registros fizeram o n\u00famero de pessoas que tiveram a doen\u00e7a confirmada subir para 78.637 e o de mortes para 1.878. De acordo com o boletim &hellip;<\/p>\n","protected":false},"author":1,"featured_media":7730,"comment_status":"open","ping_status":"open","sticky":false,"template":"","format":"standard","meta":{"_jetpack_newsletter_access":"","_jetpack_dont_email_post_to_subs":false,"_jetpack_newsletter_tier_id":0,"_jetpack_memberships_contains_paywalled_content":false,"_jetpack_memberships_contains_paid_content":false,"footnotes":""},"categories":[1],"tags":[],"class_list":["post-9042","post","type-post","status-publish","format-standard","has-post-thumbnail","hentry","category-destaque"],"jetpack_sharing_enabled":true,"jetpack_featured_media_url":"","_links":{"self":[{"href":"https:\/\/www.oparanews.com.br\/index.php\/wp-json\/wp\/v2\/posts\/9042","targetHints":{"allow":["GET"]}}],"collection":[{"href":"https:\/\/www.oparanews.com.br\/index.php\/wp-json\/wp\/v2\/posts"}],"about":[{"href":"https:\/\/www.oparanews.com.br\/index.php\/wp-json\/wp\/v2\/types\/post"}],"author":[{"embeddable":true,"href":"https:\/\/www.oparanews.com.br\/index.php\/wp-json\/wp\/v2\/users\/1"}],"replies":[{"embeddable":true,"href":"https:\/\/www.oparanews.com.br\/index.php\/wp-json\/wp\/v2\/comments?post=9042"}],"version-history":[{"count":0,"href":"https:\/\/www.oparanews.com.br\/index.php\/wp-json\/wp\/v2\/posts\/9042\/revisions"}],"wp:attachment":[{"href":"https:\/\/www.oparanews.com.br\/index.php\/wp-json\/wp\/v2\/media?parent=9042"}],"wp:term":[{"taxonomy":"category","embeddable":true,"href":"https:\/\/www.oparanews.com.br\/index.php\/wp-json\/wp\/v2\/categories?post=9042"},{"taxonomy":"post_tag","embeddable":true,"href":"https:\/\/www.oparanews.com.br\/index.php\/wp-json\/wp\/v2\/tags?post=9042"}],"curies":[{"name":"wp","href":"https:\/\/api.w.org\/{rel}","templated":true}]}}