{"id":9044,"date":"2020-08-30T22:46:33","date_gmt":"2020-08-30T22:46:33","guid":{"rendered":"https:\/\/oparanews.com.br\/?p=9044"},"modified":"2020-08-30T22:46:33","modified_gmt":"2020-08-30T22:46:33","slug":"psl-vai-anunciar-candidatura-de-joice-a-prefeitura-de-sp","status":"publish","type":"post","link":"https:\/\/www.oparanews.com.br\/index.php\/2020\/08\/30\/psl-vai-anunciar-candidatura-de-joice-a-prefeitura-de-sp\/","title":{"rendered":"PSL vai anunciar candidatura de Joice \u00e0 Prefeitura de SP"},"content":{"rendered":"<p>O PSL vai anunciar nesta segunda-feira, 31, em conven\u00e7\u00e3o partid\u00e1ria, a candidatura da deputada federal Joice Hasselmann (PSL-SP) \u00e0 Prefeitura de S\u00e3o Paulo. A informa\u00e7\u00e3o foi confirmada neste domingo, 30, pelo deputado J\u00fanior Bozzella, presidente estadual do partido e coordenador de campanha de Joice.<\/p>\n<p>A vaga de vice da chapa continua aberta, segundo Bozella. O ex-secret\u00e1rio da Receita do governo Bolsonaro, Marcos Cintra, chegou a ser cogitado para o cargo, mas vai assumir a coordena\u00e7\u00e3o do plano de governo da candidata. O economista de 74 anos foi demitido por Bolsonaro em setembro do ano passado. &#8220;Abriu essa vaga para mais uma pessoa que possa vir a somar. Deixamos possibilidades como DC, PMB e PTC&#8221;, disse Bozella ao Estad\u00e3o.<\/p>\n<p>O an\u00fancio de Joice como candidata \u00e0 prefeitura se d\u00e1 no momento em que a sigla retoma conversas com o presidente Jair Bolsonaro, que deixou o partido em novembro do ano passado para fundar o Alian\u00e7a Pelo Brasil. De acordo com Bozella, o PSL tocou seu projeto no Estado, mesmo ap\u00f3s o desligamento do mandat\u00e1rio. &#8220;Continuamos crescendo nesse per\u00edodo, isso mostrou que o partido tem uma independ\u00eancia, uma luz pr\u00f3pria.&#8221;<\/p>\n<p>&nbsp;<\/p>\n<p><strong>Fonte: Terra<\/strong><\/p>\n<p>&nbsp;<\/p>\n","protected":false},"excerpt":{"rendered":"<p>O PSL vai anunciar nesta segunda-feira, 31, em conven\u00e7\u00e3o partid\u00e1ria, a candidatura da deputada federal Joice Hasselmann (PSL-SP) \u00e0 Prefeitura de S\u00e3o Paulo. A informa\u00e7\u00e3o foi confirmada neste domingo, 30, pelo deputado J\u00fanior Bozzella, presidente estadual do partido e coordenador de campanha de Joice. A vaga de vice da chapa continua aberta, segundo Bozella. O &hellip;<\/p>\n","protected":false},"author":1,"featured_media":9045,"comment_status":"open","ping_status":"open","sticky":false,"template":"","format":"standard","meta":{"_jetpack_newsletter_access":"","_jetpack_dont_email_post_to_subs":false,"_jetpack_newsletter_tier_id":0,"_jetpack_memberships_contains_paywalled_content":false,"_jetpack_memberships_contains_paid_content":false,"footnotes":""},"categories":[1],"tags":[],"class_list":["post-9044","post","type-post","status-publish","format-standard","has-post-thumbnail","hentry","category-destaque"],"jetpack_sharing_enabled":true,"jetpack_featured_media_url":"","_links":{"self":[{"href":"https:\/\/www.oparanews.com.br\/index.php\/wp-json\/wp\/v2\/posts\/9044","targetHints":{"allow":["GET"]}}],"collection":[{"href":"https:\/\/www.oparanews.com.br\/index.php\/wp-json\/wp\/v2\/posts"}],"about":[{"href":"https:\/\/www.oparanews.com.br\/index.php\/wp-json\/wp\/v2\/types\/post"}],"author":[{"embeddable":true,"href":"https:\/\/www.oparanews.com.br\/index.php\/wp-json\/wp\/v2\/users\/1"}],"replies":[{"embeddable":true,"href":"https:\/\/www.oparanews.com.br\/index.php\/wp-json\/wp\/v2\/comments?post=9044"}],"version-history":[{"count":0,"href":"https:\/\/www.oparanews.com.br\/index.php\/wp-json\/wp\/v2\/posts\/9044\/revisions"}],"wp:attachment":[{"href":"https:\/\/www.oparanews.com.br\/index.php\/wp-json\/wp\/v2\/media?parent=9044"}],"wp:term":[{"taxonomy":"category","embeddable":true,"href":"https:\/\/www.oparanews.com.br\/index.php\/wp-json\/wp\/v2\/categories?post=9044"},{"taxonomy":"post_tag","embeddable":true,"href":"https:\/\/www.oparanews.com.br\/index.php\/wp-json\/wp\/v2\/tags?post=9044"}],"curies":[{"name":"wp","href":"https:\/\/api.w.org\/{rel}","templated":true}]}}