{"id":9047,"date":"2020-08-30T22:49:19","date_gmt":"2020-08-30T22:49:19","guid":{"rendered":"https:\/\/oparanews.com.br\/?p=9047"},"modified":"2020-08-30T22:49:19","modified_gmt":"2020-08-30T22:49:19","slug":"alerj-deve-votar-impeachment-de-witzel-em-duas-semanas","status":"publish","type":"post","link":"https:\/\/www.oparanews.com.br\/index.php\/2020\/08\/30\/alerj-deve-votar-impeachment-de-witzel-em-duas-semanas\/","title":{"rendered":"Alerj deve votar impeachment de Witzel em duas semanas"},"content":{"rendered":"<p>RIO &#8211; Enquanto anuncia que vai recorrer da decis\u00e3o do Superior Tribunal de Justi\u00e7a (STJ) que o afastou do mandato, o governador do Rio, Wilson Witzel, tamb\u00e9m vai precisar se defender do processo de afastamento na Assembleia Legislativa. Na sexta-feira, numa esp\u00e9cie de tempestade perfeita para Witzel, o ministro Alexandre de Moraes, do Supremo Tribunal Federal, autorizou a retomada do impeachment, que estava paralisado por liminar de Dias Toffoli.<\/p>\n<p>Com isso, a previs\u00e3o do presidente da Alerj, Andr\u00e9 Ceciliano (PT), \u00e9 de que o relat\u00f3rio seja votado em cerca de duas semanas pelo plen\u00e1rio. A comiss\u00e3o especial que analisa o afastamento deve conclu\u00ed-lo at\u00e9 a quinta-feira da outra semana, 10 de setembro, considerando o prazo dado a Witzel para apresentar sua defesa.<\/p>\n<p>Al\u00e9m da comiss\u00e3o do impeachment, um outro colegiado especial foi formado para analisar as suspeitas de desvios na Sa\u00fade durante a pandemia. Presidida pela deputada e pr\u00e9-candidata \u00e0 Prefeitura Martha Rocha (PDT), essa comiss\u00e3o tamb\u00e9m encaminhar\u00e1 documentos que devem embasar o impeachment.<\/p>\n<p>Ceciliano e o relator da comiss\u00e3o que vai elaborar o parecer sobre o afastamento, Rodrigo Bacellar (SD), tamb\u00e9m s\u00e3o citados na dela\u00e7\u00e3o premiada do ex-secret\u00e1rio de Sa\u00fade Edmar Santos, mas n\u00e3o no \u00e2mbito do esquema em curso na pandemia. Segundo ele, os dois teriam participado, no ano passado, do desvio de duod\u00e9cimos da Alerj para o Fundo Estadual de Sa\u00fade \u2013 o dinheiro voltaria aos deputados por meio de repasses para Prefeituras. Eles negam as acusa\u00e7\u00f5es.<\/p>\n<p>&nbsp;<\/p>\n<p><strong>Fonte: Terra<\/strong><\/p>\n<p>&nbsp;<\/p>\n","protected":false},"excerpt":{"rendered":"<p>RIO &#8211; Enquanto anuncia que vai recorrer da decis\u00e3o do Superior Tribunal de Justi\u00e7a (STJ) que o afastou do mandato, o governador do Rio, Wilson Witzel, tamb\u00e9m vai precisar se defender do processo de afastamento na Assembleia Legislativa. Na sexta-feira, numa esp\u00e9cie de tempestade perfeita para Witzel, o ministro Alexandre de Moraes, do Supremo Tribunal &hellip;<\/p>\n","protected":false},"author":1,"featured_media":9048,"comment_status":"open","ping_status":"open","sticky":false,"template":"","format":"standard","meta":{"_jetpack_newsletter_access":"","_jetpack_dont_email_post_to_subs":false,"_jetpack_newsletter_tier_id":0,"_jetpack_memberships_contains_paywalled_content":false,"_jetpack_memberships_contains_paid_content":false,"footnotes":""},"categories":[1],"tags":[],"class_list":["post-9047","post","type-post","status-publish","format-standard","has-post-thumbnail","hentry","category-destaque"],"jetpack_sharing_enabled":true,"jetpack_featured_media_url":"","_links":{"self":[{"href":"https:\/\/www.oparanews.com.br\/index.php\/wp-json\/wp\/v2\/posts\/9047","targetHints":{"allow":["GET"]}}],"collection":[{"href":"https:\/\/www.oparanews.com.br\/index.php\/wp-json\/wp\/v2\/posts"}],"about":[{"href":"https:\/\/www.oparanews.com.br\/index.php\/wp-json\/wp\/v2\/types\/post"}],"author":[{"embeddable":true,"href":"https:\/\/www.oparanews.com.br\/index.php\/wp-json\/wp\/v2\/users\/1"}],"replies":[{"embeddable":true,"href":"https:\/\/www.oparanews.com.br\/index.php\/wp-json\/wp\/v2\/comments?post=9047"}],"version-history":[{"count":0,"href":"https:\/\/www.oparanews.com.br\/index.php\/wp-json\/wp\/v2\/posts\/9047\/revisions"}],"wp:attachment":[{"href":"https:\/\/www.oparanews.com.br\/index.php\/wp-json\/wp\/v2\/media?parent=9047"}],"wp:term":[{"taxonomy":"category","embeddable":true,"href":"https:\/\/www.oparanews.com.br\/index.php\/wp-json\/wp\/v2\/categories?post=9047"},{"taxonomy":"post_tag","embeddable":true,"href":"https:\/\/www.oparanews.com.br\/index.php\/wp-json\/wp\/v2\/tags?post=9047"}],"curies":[{"name":"wp","href":"https:\/\/api.w.org\/{rel}","templated":true}]}}