{"id":9050,"date":"2020-08-30T23:51:12","date_gmt":"2020-08-30T23:51:12","guid":{"rendered":"https:\/\/oparanews.com.br\/?p=9050"},"modified":"2020-08-30T23:51:12","modified_gmt":"2020-08-30T23:51:12","slug":"fernando-de-noronha-abre-para-turistas-que-ja-tiveram-covid","status":"publish","type":"post","link":"https:\/\/www.oparanews.com.br\/index.php\/2020\/08\/30\/fernando-de-noronha-abre-para-turistas-que-ja-tiveram-covid\/","title":{"rendered":"Fernando de Noronha abre para turistas que j\u00e1 tiveram covid"},"content":{"rendered":"<p>O arquip\u00e9lago de Fernando de Noronha decidiu apostar em uma nova estrat\u00e9gia para combater o coronav\u00edrus: somente turistas que j\u00e1 tiveram covid-19 e se recuperaram ter\u00e3o permiss\u00e3o para entrar no local famoso pela abundante vida marinha e praias paradis\u00edacas.<\/p>\n<p>A decis\u00e3o do arquip\u00e9lago, que depende economicamente do turismo e tem cerca de 3.100 residentes permanentes, reflete as formas peculiares com que autoridades est\u00e3o tentando retornar \u00e0 normalidade, enquanto os novos casos de covid-19 e as mortes se estabilizam em muitas partes do mundo.<\/p>\n<p>H\u00e1 um debate significativo sobre o n\u00edvel e a dura\u00e7\u00e3o da imunidade que os pacientes com coronav\u00edrus desenvolvem ap\u00f3s uma primeira infec\u00e7\u00e3o. H\u00e1 casos relatados de reinfec\u00e7\u00e3o, inclusive no Brasil. No entanto, esses casos s\u00e3o relativamente raros.<\/p>\n<p>As novas regras entram em vigor em 1\u00ba de setembro. Por enquanto, turistas n\u00e3o s\u00e3o permitidos nas ilhas.<\/p>\n<p>&#8220;N\u00e3o h\u00e1 transmiss\u00e3o comunit\u00e1ria na ilha h\u00e1 um bom tempo. E n\u00f3s assim precisamos manter&#8221;, disse Andr\u00e9 Longo, secret\u00e1rio de Sa\u00fade do Estado de Pernambuco. &#8220;\u00c9 \u00f3bvio que esse passo que vai ser dado busca a seguran\u00e7a e reativa\u00e7\u00e3o das atividades econ\u00f4micas no arquip\u00e9lago&#8221;.<\/p>\n<p>Fernando de Noronha registrou at\u00e9 o momento 93 casos confirmados do v\u00edrus e nenhuma morte. O arquip\u00e9lago proibiu o turismo a partir de mar\u00e7o, e por um per\u00edodo de abril a junho, mesmo os residentes que estavam no continente n\u00e3o foram autorizados a retornar.<\/p>\n<p>O Brasil est\u00e1 entre as na\u00e7\u00f5es mais atingidas pela pandemia de coronav\u00edrus, com mais de 120.000 mortes e 3,8 milh\u00f5es de casos confirmados at\u00e9 a noite de s\u00e1bado. No entanto, novos casos e mortes come\u00e7aram a se estabilizar nas \u00faltimas semanas.<\/p>\n<p>&nbsp;<\/p>\n<p><strong>Fonte: Terra<\/strong><\/p>\n<p>&nbsp;<\/p>\n","protected":false},"excerpt":{"rendered":"<p>O arquip\u00e9lago de Fernando de Noronha decidiu apostar em uma nova estrat\u00e9gia para combater o coronav\u00edrus: somente turistas que j\u00e1 tiveram covid-19 e se recuperaram ter\u00e3o permiss\u00e3o para entrar no local famoso pela abundante vida marinha e praias paradis\u00edacas. A decis\u00e3o do arquip\u00e9lago, que depende economicamente do turismo e tem cerca de 3.100 residentes permanentes, &hellip;<\/p>\n","protected":false},"author":1,"featured_media":9051,"comment_status":"open","ping_status":"open","sticky":false,"template":"","format":"standard","meta":{"_jetpack_newsletter_access":"","_jetpack_dont_email_post_to_subs":false,"_jetpack_newsletter_tier_id":0,"_jetpack_memberships_contains_paywalled_content":false,"_jetpack_memberships_contains_paid_content":false,"footnotes":""},"categories":[1],"tags":[],"class_list":["post-9050","post","type-post","status-publish","format-standard","has-post-thumbnail","hentry","category-destaque"],"jetpack_sharing_enabled":true,"jetpack_featured_media_url":"","_links":{"self":[{"href":"https:\/\/www.oparanews.com.br\/index.php\/wp-json\/wp\/v2\/posts\/9050","targetHints":{"allow":["GET"]}}],"collection":[{"href":"https:\/\/www.oparanews.com.br\/index.php\/wp-json\/wp\/v2\/posts"}],"about":[{"href":"https:\/\/www.oparanews.com.br\/index.php\/wp-json\/wp\/v2\/types\/post"}],"author":[{"embeddable":true,"href":"https:\/\/www.oparanews.com.br\/index.php\/wp-json\/wp\/v2\/users\/1"}],"replies":[{"embeddable":true,"href":"https:\/\/www.oparanews.com.br\/index.php\/wp-json\/wp\/v2\/comments?post=9050"}],"version-history":[{"count":0,"href":"https:\/\/www.oparanews.com.br\/index.php\/wp-json\/wp\/v2\/posts\/9050\/revisions"}],"wp:attachment":[{"href":"https:\/\/www.oparanews.com.br\/index.php\/wp-json\/wp\/v2\/media?parent=9050"}],"wp:term":[{"taxonomy":"category","embeddable":true,"href":"https:\/\/www.oparanews.com.br\/index.php\/wp-json\/wp\/v2\/categories?post=9050"},{"taxonomy":"post_tag","embeddable":true,"href":"https:\/\/www.oparanews.com.br\/index.php\/wp-json\/wp\/v2\/tags?post=9050"}],"curies":[{"name":"wp","href":"https:\/\/api.w.org\/{rel}","templated":true}]}}