{"id":9059,"date":"2020-08-31T00:00:50","date_gmt":"2020-08-31T00:00:50","guid":{"rendered":"https:\/\/oparanews.com.br\/?p=9059"},"modified":"2020-08-31T00:00:50","modified_gmt":"2020-08-31T00:00:50","slug":"boletim-registra-1-215-casos-confirmados-da-covid-19-em-penedo","status":"publish","type":"post","link":"https:\/\/www.oparanews.com.br\/index.php\/2020\/08\/31\/boletim-registra-1-215-casos-confirmados-da-covid-19-em-penedo\/","title":{"rendered":"Boletim registra 1.215 casos confirmados da Covid-19 em Penedo"},"content":{"rendered":"<p>A SEMS Penedo divulgou novo boletim epidemiol\u00f3gico sobre a pandemia de Covid-19 em Penedo. Os n\u00fameros deste domingo (30), apontam 1.215 casos confirmados e 1.076 pessoas curadas da doen\u00e7a no munic\u00edpio.<\/p>\n<p>A atualiza\u00e7\u00e3o dos dados tamb\u00e9m mostras que existem 25 pessoas monitoradas pela equipe da Secretaria de Sa\u00fade e um caso considerado suspeito, al\u00e9m de 1.126 casos descartados e treze \u00f3bitos provocados pela Covid-19 em Penedo.<\/p>\n<p>Localidades<\/p>\n<p>O maior quantitativo de casos no munic\u00edpio est\u00e3o localizados no bairro Dom Constantino, que engloba diversas localidades na zona urbana de Penedo, com 346 ocorr\u00eancias.; logo atr\u00e1s nos n\u00fameros com 221 casos est\u00e1 o Santa Luzia, 173 no Centro e 119 no bairro Raimundo Marinho.<\/p>\n<p>Na zona rural de Penedo, o povoado Tabuleiro dos Negros contabiliza 43 casos de Covid-19, a comunidade Palmeira Alta registra 24, os dois n\u00facleos da Cooperativa somam 37 casos.<\/p>\n<p>Os n\u00fameros totais de casos por localidade seguem a seguinte rela\u00e7\u00e3o:<\/p>\n<p>346 Bairro Dom Constantino<\/p>\n<p>173 Centro<\/p>\n<p>24 Povoado Palmeira Alta<\/p>\n<p>102 Bairro Senhor do Bonfim<\/p>\n<p>119 Bairro Raimundo Marinho<\/p>\n<p>08 Povoado Capela<\/p>\n<p>13 Povoado Santa Margarida<\/p>\n<p>65 Bairro Santo Ant\u00f4nio<\/p>\n<p>221 Bairro Santa Luzia<\/p>\n<p>49 Bairro Santa Izabel<\/p>\n<p>43 Povoado Tabuleiro dos Negros<\/p>\n<p>13 Bairro Santa Cec\u00edlia<\/p>\n<p>37 Povoado Cooperativa<\/p>\n<p>02 Povoado Ponta mofina<\/p>\n<p>A Prefeitura de Penedo orienta a popula\u00e7\u00e3o penedense a procurar atendimento especializado na Unidade de Refer\u00eancia em S\u00edndromes Gripais, ao aparecerem os primeiros sintomas de Covid-19, com o objetivo de evitar o aparecimento de quadros graves da doen\u00e7a.<\/p>\n<p>A Unidade de S\u00edndromes Gripais fica localizada na Avenida Wanderlei, nas proximidades do trevo da \u201cToca do \u00cdndio\u201d funcionando todos os dias da semana das 8h \u00e0s 17h.<\/p>\n<p>&nbsp;<\/p>\n<p><strong>por Thiago Sobral- Jornalista Decom (PMP)<\/strong><\/p>\n<p>&nbsp;<\/p>\n","protected":false},"excerpt":{"rendered":"<p>A SEMS Penedo divulgou novo boletim epidemiol\u00f3gico sobre a pandemia de Covid-19 em Penedo. Os n\u00fameros deste domingo (30), apontam 1.215 casos confirmados e 1.076 pessoas curadas da doen\u00e7a no munic\u00edpio. A atualiza\u00e7\u00e3o dos dados tamb\u00e9m mostras que existem 25 pessoas monitoradas pela equipe da Secretaria de Sa\u00fade e um caso considerado suspeito, al\u00e9m de &hellip;<\/p>\n","protected":false},"author":1,"featured_media":9060,"comment_status":"open","ping_status":"open","sticky":false,"template":"","format":"standard","meta":{"_jetpack_newsletter_access":"","_jetpack_dont_email_post_to_subs":false,"_jetpack_newsletter_tier_id":0,"_jetpack_memberships_contains_paywalled_content":false,"_jetpack_memberships_contains_paid_content":false,"footnotes":""},"categories":[1],"tags":[],"class_list":["post-9059","post","type-post","status-publish","format-standard","has-post-thumbnail","hentry","category-destaque"],"jetpack_sharing_enabled":true,"jetpack_featured_media_url":"","_links":{"self":[{"href":"https:\/\/www.oparanews.com.br\/index.php\/wp-json\/wp\/v2\/posts\/9059","targetHints":{"allow":["GET"]}}],"collection":[{"href":"https:\/\/www.oparanews.com.br\/index.php\/wp-json\/wp\/v2\/posts"}],"about":[{"href":"https:\/\/www.oparanews.com.br\/index.php\/wp-json\/wp\/v2\/types\/post"}],"author":[{"embeddable":true,"href":"https:\/\/www.oparanews.com.br\/index.php\/wp-json\/wp\/v2\/users\/1"}],"replies":[{"embeddable":true,"href":"https:\/\/www.oparanews.com.br\/index.php\/wp-json\/wp\/v2\/comments?post=9059"}],"version-history":[{"count":0,"href":"https:\/\/www.oparanews.com.br\/index.php\/wp-json\/wp\/v2\/posts\/9059\/revisions"}],"wp:attachment":[{"href":"https:\/\/www.oparanews.com.br\/index.php\/wp-json\/wp\/v2\/media?parent=9059"}],"wp:term":[{"taxonomy":"category","embeddable":true,"href":"https:\/\/www.oparanews.com.br\/index.php\/wp-json\/wp\/v2\/categories?post=9059"},{"taxonomy":"post_tag","embeddable":true,"href":"https:\/\/www.oparanews.com.br\/index.php\/wp-json\/wp\/v2\/tags?post=9059"}],"curies":[{"name":"wp","href":"https:\/\/api.w.org\/{rel}","templated":true}]}}