{"id":9072,"date":"2020-08-31T18:12:55","date_gmt":"2020-08-31T18:12:55","guid":{"rendered":"https:\/\/oparanews.com.br\/?p=9072"},"modified":"2020-08-31T18:12:55","modified_gmt":"2020-08-31T18:12:55","slug":"escolas-de-palmeira-dos-indios-se-preparam-para-volta-as-aulas-presenciais","status":"publish","type":"post","link":"https:\/\/www.oparanews.com.br\/index.php\/2020\/08\/31\/escolas-de-palmeira-dos-indios-se-preparam-para-volta-as-aulas-presenciais\/","title":{"rendered":"Escolas de Palmeira dos \u00cdndios se preparam para volta \u00e0s aulas presenciais"},"content":{"rendered":"<p>Representantes das escolas p\u00fablicas e particulares de Palmeira dos \u00cdndios, no Agreste do Estado, j\u00e1 iniciaram as discuss\u00f5es de um protocolo com medidas de seguran\u00e7a, para um futuro retorno as aulas presenciais. Isso deve ocorrer quando o munic\u00edpio atingir a fase verde da pandemia provocada pela Covid-19, o novo coronav\u00edrus. A primeira reuni\u00e3o do setor com a prefeitura daquele munic\u00edpio ocorreu no s\u00e1bado (29) e o pr\u00f3ximo encontro ser\u00e1 na quinta-feira (3).<\/p>\n<p>Cada unidade adotar\u00e1 provid\u00eancias para receber alunos e funcion\u00e1rios, al\u00e9m das a\u00e7\u00f5es que dever\u00e3o ser feitas pela prefeitura, para apoiar o setor a reabrir os estabelecimentos educacionais. O objetivo \u00e9 formalizar o plano de retomada das atividades nas escolas para que, logo que Palmeira dos \u00cdndios atinja a fase verde, tudo j\u00e1 esteja preparado para a volta \u00e0s aulas.<\/p>\n<p>Na reuni\u00e3o prevista para a quinta-feira (3), com os \u00f3rg\u00e3os envolvidos na volta \u00e0s aulas do munic\u00edpio, dever\u00e1 ser constru\u00eddo um protocolo exclusivo, com todas as explica\u00e7\u00f5es para pais e alunos. As escolas est\u00e3o h\u00e1 cinco meses com as atividades paralisadas por causa da pandemia.<\/p>\n<p>&nbsp;<\/p>\n<p><strong>com R\u00e1dio Sampaio<\/strong><\/p>\n<p>&nbsp;<\/p>\n","protected":false},"excerpt":{"rendered":"<p>Representantes das escolas p\u00fablicas e particulares de Palmeira dos \u00cdndios, no Agreste do Estado, j\u00e1 iniciaram as discuss\u00f5es de um protocolo com medidas de seguran\u00e7a, para um futuro retorno as aulas presenciais. Isso deve ocorrer quando o munic\u00edpio atingir a fase verde da pandemia provocada pela Covid-19, o novo coronav\u00edrus. A primeira reuni\u00e3o do setor &hellip;<\/p>\n","protected":false},"author":1,"featured_media":9073,"comment_status":"open","ping_status":"open","sticky":false,"template":"","format":"standard","meta":{"_jetpack_newsletter_access":"","_jetpack_dont_email_post_to_subs":false,"_jetpack_newsletter_tier_id":0,"_jetpack_memberships_contains_paywalled_content":false,"_jetpack_memberships_contains_paid_content":false,"footnotes":""},"categories":[1],"tags":[],"class_list":["post-9072","post","type-post","status-publish","format-standard","has-post-thumbnail","hentry","category-destaque"],"jetpack_sharing_enabled":true,"jetpack_featured_media_url":"","_links":{"self":[{"href":"https:\/\/www.oparanews.com.br\/index.php\/wp-json\/wp\/v2\/posts\/9072","targetHints":{"allow":["GET"]}}],"collection":[{"href":"https:\/\/www.oparanews.com.br\/index.php\/wp-json\/wp\/v2\/posts"}],"about":[{"href":"https:\/\/www.oparanews.com.br\/index.php\/wp-json\/wp\/v2\/types\/post"}],"author":[{"embeddable":true,"href":"https:\/\/www.oparanews.com.br\/index.php\/wp-json\/wp\/v2\/users\/1"}],"replies":[{"embeddable":true,"href":"https:\/\/www.oparanews.com.br\/index.php\/wp-json\/wp\/v2\/comments?post=9072"}],"version-history":[{"count":0,"href":"https:\/\/www.oparanews.com.br\/index.php\/wp-json\/wp\/v2\/posts\/9072\/revisions"}],"wp:attachment":[{"href":"https:\/\/www.oparanews.com.br\/index.php\/wp-json\/wp\/v2\/media?parent=9072"}],"wp:term":[{"taxonomy":"category","embeddable":true,"href":"https:\/\/www.oparanews.com.br\/index.php\/wp-json\/wp\/v2\/categories?post=9072"},{"taxonomy":"post_tag","embeddable":true,"href":"https:\/\/www.oparanews.com.br\/index.php\/wp-json\/wp\/v2\/tags?post=9072"}],"curies":[{"name":"wp","href":"https:\/\/api.w.org\/{rel}","templated":true}]}}