{"id":9078,"date":"2020-09-01T00:52:32","date_gmt":"2020-09-01T00:52:32","guid":{"rendered":"https:\/\/oparanews.com.br\/?p=9078"},"modified":"2020-09-01T00:52:32","modified_gmt":"2020-09-01T00:52:32","slug":"mesa-diretora-da-camara-municipal-de-penedo-atualiza-regras-de-acesso","status":"publish","type":"post","link":"https:\/\/www.oparanews.com.br\/index.php\/2020\/09\/01\/mesa-diretora-da-camara-municipal-de-penedo-atualiza-regras-de-acesso\/","title":{"rendered":"Mesa Diretora da C\u00e2mara Municipal de Penedo atualiza regras de acesso"},"content":{"rendered":"<p>A Mesa Diretora da C\u00e2mara Municipal de Penedo atualizou as regras que normatizam o acesso da popula\u00e7\u00e3o \u00e0 sede da casa legislativa. De forma gradual e respeitando as orienta\u00e7\u00f5es relacionadas \u00e0 pandemia do novo coronav\u00edrus, a dire\u00e7\u00e3o do Poder Legislativo Municipal promoveu nova adequa\u00e7\u00e3o por meio do Ato n\u00ba 04\/2020.<\/p>\n<p>Publicado nesta segunda-feira, 31 de agosto, o documento revoga os atos n\u00ba 02 e n\u00ba 03 da Mesa Diretora da C\u00e2mara Municipal de Penedo e regulamenta medidas direcionadas ao desenvolvimento de atividades presenciais que passam a ser desenvolvidas com o \u201cquantitativo necess\u00e1rio do administrativo, garantindo o funcionamento e o atendimento da demanda decorrente dessa nova etapa de retomada, observados os cuidados para evitar adensamento de pessoas no ambiente de trabalho\u201d, conforme consta no Ato n\u00ba 04\/2020.<\/p>\n<p>A atualiza\u00e7\u00e3o das regras prev\u00ea ainda a obrigatoriedade de utiliza\u00e7\u00e3o de m\u00e1scara de prote\u00e7\u00e3o facial em todas as depend\u00eancias da C\u00e2mara Municipal de Penedo, com permiss\u00e3o de acesso durante a realiza\u00e7\u00e3o das sess\u00f5es ordin\u00e1rias, extraordin\u00e1rias e solenes para pessoal da imprensa, assessores de \u00f3rg\u00e3os p\u00fablicos, convidados ou convidados por meio de requerimento e visitantes, desde que respeitem a necessidade do distanciamento pessoal.<\/p>\n<p>Ainda em rela\u00e7\u00e3o ao p\u00fablico em geral, em caso de reuni\u00e3o marcada com algum dos 15 vereadores penedenses para ocorrer na sede da CMP, o n\u00famero de participantes ser\u00e1 limitado a quatro pessoas.<\/p>\n<p>O Ato n\u00ba 04\/2020 da C\u00e2mara Municipal de Penedo autoriza ainda a realiza\u00e7\u00e3o de \u201ceventos coletivos n\u00e3o diretamente relacionados \u00e0s atividades legislativas do Plen\u00e1rio e das comiss\u00f5es\u201d, inclusive de \u201cLideran\u00e7as Partid\u00e1rias, Frentes Parlamentares e Conven\u00e7\u00f5es Partid\u00e1rias; desde que solicitado com anteced\u00eancia e cumprindo \u00e0s recomenda\u00e7\u00f5es de distanciamento social\u201d.<\/p>\n<p>ATO DA MESA DIRETORA N 004.2020 \u2013 DISCIPLINA O ACESSO DA POPULA\u00c7\u00c3O DE FORMA GRADUAL<\/p>\n<p>&nbsp;<\/p>\n<p><strong>Por Ascom CMP<\/strong><\/p>\n<p>&nbsp;<\/p>\n","protected":false},"excerpt":{"rendered":"<p>A Mesa Diretora da C\u00e2mara Municipal de Penedo atualizou as regras que normatizam o acesso da popula\u00e7\u00e3o \u00e0 sede da casa legislativa. De forma gradual e respeitando as orienta\u00e7\u00f5es relacionadas \u00e0 pandemia do novo coronav\u00edrus, a dire\u00e7\u00e3o do Poder Legislativo Municipal promoveu nova adequa\u00e7\u00e3o por meio do Ato n\u00ba 04\/2020. Publicado nesta segunda-feira, 31 de &hellip;<\/p>\n","protected":false},"author":1,"featured_media":9079,"comment_status":"open","ping_status":"open","sticky":false,"template":"","format":"standard","meta":{"_jetpack_newsletter_access":"","_jetpack_dont_email_post_to_subs":false,"_jetpack_newsletter_tier_id":0,"_jetpack_memberships_contains_paywalled_content":false,"_jetpack_memberships_contains_paid_content":false,"footnotes":""},"categories":[1],"tags":[],"class_list":["post-9078","post","type-post","status-publish","format-standard","has-post-thumbnail","hentry","category-destaque"],"jetpack_sharing_enabled":true,"jetpack_featured_media_url":"","_links":{"self":[{"href":"https:\/\/www.oparanews.com.br\/index.php\/wp-json\/wp\/v2\/posts\/9078","targetHints":{"allow":["GET"]}}],"collection":[{"href":"https:\/\/www.oparanews.com.br\/index.php\/wp-json\/wp\/v2\/posts"}],"about":[{"href":"https:\/\/www.oparanews.com.br\/index.php\/wp-json\/wp\/v2\/types\/post"}],"author":[{"embeddable":true,"href":"https:\/\/www.oparanews.com.br\/index.php\/wp-json\/wp\/v2\/users\/1"}],"replies":[{"embeddable":true,"href":"https:\/\/www.oparanews.com.br\/index.php\/wp-json\/wp\/v2\/comments?post=9078"}],"version-history":[{"count":0,"href":"https:\/\/www.oparanews.com.br\/index.php\/wp-json\/wp\/v2\/posts\/9078\/revisions"}],"wp:attachment":[{"href":"https:\/\/www.oparanews.com.br\/index.php\/wp-json\/wp\/v2\/media?parent=9078"}],"wp:term":[{"taxonomy":"category","embeddable":true,"href":"https:\/\/www.oparanews.com.br\/index.php\/wp-json\/wp\/v2\/categories?post=9078"},{"taxonomy":"post_tag","embeddable":true,"href":"https:\/\/www.oparanews.com.br\/index.php\/wp-json\/wp\/v2\/tags?post=9078"}],"curies":[{"name":"wp","href":"https:\/\/api.w.org\/{rel}","templated":true}]}}